{"id":9979,"date":"2025-06-05T10:12:11","date_gmt":"2025-06-05T09:12:11","guid":{"rendered":"https:\/\/www.fundacionmanantial.org\/?p=9979"},"modified":"2025-06-09T10:25:10","modified_gmt":"2025-06-09T09:25:10","slug":"de-manantial-integra-a-fundacion-manantial-una-historia-transito-al-empleo-ordinario","status":"publish","type":"post","link":"https:\/\/www.fundacionmanantial.org\/en\/de-manantial-integra-a-fundacion-manantial-una-historia-transito-al-empleo-ordinario\/","title":{"rendered":"De Manantial Integra a Fundaci\u00f3n Manantial: una historia tr\u00e1nsito al empleo ordinario"},"content":{"rendered":"\n<p><strong>Me gusta pensar que las cosas no suceden por casualidad.<\/strong> Hoy trabajo en el Centro de Rehabilitaci\u00f3n Psicosocial \u201cArganda\u201d como trabajadora social, pero la primera vez que pis\u00e9 este centro vine a una prueba de ofim\u00e1tica para acceder a un puesto de administrativa. <strong>Entonces intentaba volver a incorporarme al mundo laboral.<\/strong> Fui seleccionada y comenc\u00e9 en el Centro de D\u00eda y el Equipo de Apoyo de Rivas contratada por el Centro Especial de Empleo Manantial Integra y, a partir de ah\u00ed, <strong>nunca hubiera imaginado lo que pasar\u00eda cinco a\u00f1os despu\u00e9s<\/strong>.<\/p>\n\n\n\n<p><strong>Trabajar en Manantial Integra ha sido una gran oportunidad para probarme y experimentar situaciones que antes no pod\u00eda sostener ni enfrentar, mientras me redescubr\u00eda a m\u00ed misma d\u00eda tras d\u00eda, mientras iba ganando m\u00e1s seguridad y confianza, a veces sin tan siquiera darme cuenta.<\/strong><\/p>\n\n\n\n<p>Cuando me preguntan c\u00f3mo es trabajar en un centro especial de empleo como lo es Manantial Integra, respecto al rendimiento laboral, <strong>no he sentido un nivel de exigencia profesional diferente al de cualquier empleo ordinario<\/strong>. Lo nombro porque <strong>hay cierto discurso presente en la sociedad que en mi opini\u00f3n desvaloriza mucho un gran esfuerzo y trabajo profesional<\/strong>.<\/p>\n\n\n\n<p>Aunque seamos &#8220;empresas diferentes&#8221; siempre me he considerado parte de Fundaci\u00f3n Manantial, de los equipos y el centro en el que estaba. Pero ya sabemos que los contextos en los que nos desenvolvemos y los lugares que ocupamos influyen en c\u00f3mo interpretamos la realidad o percibimos las cosas que pasan, c\u00f3mo nos comportamos con los dem\u00e1s o c\u00f3mo nos sentimos y, en consecuencia, <strong>trabajar en un centro especial de empleo inevitablemente conlleva ciertas diferencias y connotaciones, propias y subjetivas, pero tambi\u00e9n externas y sociales<\/strong>. Esto a veces ha sido dif\u00edcil de gestionar.<\/p>\n\n\n\n<p>En l\u00edneas generales, ese tiempo ha sido como abrir una ventana desde la que se ve un camino que te invita a caminar por \u00e9l. Y caminando hacia adelante, <strong>lleg\u00f3 el d\u00eda en el que me sent\u00ed preparada para atreverme, con muchos miedos, a dar el paso e intentar trabajar como trabajadora social y tuve la oportunidad en la Fundaci\u00f3n tras solicitar una entrevista de desarrollo.<\/strong><\/p>\n\n\n\n<p>Una de las cosas que m\u00e1s me ayud\u00f3 a dar el paso fue tener la suerte de <strong>experimentar relaciones y contextos que yo viv\u00ed como amables en mi centro de trabajo<\/strong>, pero no me refiero a una suerte azarosa, si no de gratitud a que exista el inter\u00e9s y la necesidad de querer construirlos, valorarlos y mantenerlos. <strong>Esto es importante en la vida en general, en lo social y m\u00e1s a\u00fan en salud mental.<\/strong> Tambi\u00e9n, en mi caso particular, ayud\u00f3 estar en un lugar que me permit\u00eda observar y conocer m\u00e1s a fondo la profesi\u00f3n desde cierta distancia y seguridad. <strong>Estudi\u00e9 trabajo social hace a\u00f1os, pero no cre\u00eda poder trabajar de ello alg\u00fan d\u00eda.<\/strong><\/p>\n\n\n\n<p>Este proceso de desarrollo profesional y personal <strong>hay quien lo considera un \u00e9xito.<\/strong><strong> Yo lo considero &#8220;una consecuencia compartida&#8221;, el resultado de favorecer y construir esas relaciones y espacios, porque sin esas bases es dif\u00edcil que alguien pueda recuperarse, integrarse o ser incluida\/o (depende de donde coloquemos la mirada) en ning\u00fan lugar.<\/strong> Soy consciente de que he accedido a oportunidades que suelen ser escasas y ojal\u00e1 se creen cada vez m\u00e1s oportunidades para m\u00e1s personas en m\u00e1s lugares. <strong>Sin olvidar que tambi\u00e9n es consecuencia de un trabajo personal inacabable y dif\u00edcil que sigo enfrentando y gestionando todos los d\u00edas, pero a la vez gratificante y revelador.<\/strong><\/p>\n\n\n\n<p><strong>Me siento feliz de trabajar en algo que me apasiona y, adem\u00e1s, poder reconvertir unas dificultades, diagn\u00f3sticos o como queramos llamarlo en herramientas con las que poder aportar en mi trabajo y la sociedad es algo tan inesperado como reparador,<\/strong> m\u00e1s a\u00fan cuando a cada segundo, todo mi ser inevitablemente se atraviesa cuando acompa\u00f1o a otra persona.<\/p>\n\n\n\n<p><strong>En este camino, me he cruzado (y sigo haci\u00e9ndolo) con personas maravillosas. Gracias a todas, que siempre me hab\u00e9is sostenido, apoyado, animado, que hab\u00e9is cre\u00eddo y confiado en m\u00ed y que segu\u00eds haci\u00e9ndolo, vosotras\/os tambi\u00e9n form\u00e1is parte de esto. <\/strong><strong><\/strong><\/p>\n\n\n\n<p><em>Tamara Jim\u00e9nez. Trabajadora Social CRPS &#8220;Arganda&#8221;.<\/em><\/p>\n","protected":false},"excerpt":{"rendered":"<p>Me gusta pensar que las cosas no suceden por casualidad. Hoy trabajo en el Centro de Rehabilitaci\u00f3n Psicosocial \u201cArganda\u201d como trabajadora social, pero la primera vez que pis\u00e9 este centro vine a una prueba de ofim\u00e1tica para acceder a un puesto de administrativa. Entonces intentaba volver a incorporarme al mundo laboral. Fui seleccionada y comenc\u00e9 [&hellip;]<\/p>\n","protected":false},"author":7,"featured_media":9989,"comment_status":"closed","ping_status":"closed","sticky":false,"template":"","format":"standard","meta":{"_acf_changed":false,"give_campaign_id":0,"_seopress_robots_primary_cat":"none","_seopress_titles_title":"C\u00f3mo pas\u00e9 de administrativa a trabajadora social en Fundaci\u00f3n Manantial: una experiencia transformadora","_seopress_titles_desc":"Una trabajadora social narra su recorrido vital y profesional desde su inicio en Manantial Integra hasta incorporarse a Fundaci\u00f3n Manantial. Una historia de superaci\u00f3n, v\u00ednculos transformadores y trabajo con sentido.","_seopress_robots_index":"","footnotes":""},"categories":[41,1],"tags":[],"class_list":["post-9979","post","type-post","status-publish","format-standard","has-post-thumbnail","hentry","category-blog-salud-mental","category-sin-categorizar"],"acf":[],"_links":{"self":[{"href":"https:\/\/www.fundacionmanantial.org\/en\/wp-json\/wp\/v2\/posts\/9979","targetHints":{"allow":["GET"]}}],"collection":[{"href":"https:\/\/www.fundacionmanantial.org\/en\/wp-json\/wp\/v2\/posts"}],"about":[{"href":"https:\/\/www.fundacionmanantial.org\/en\/wp-json\/wp\/v2\/types\/post"}],"author":[{"embeddable":true,"href":"https:\/\/www.fundacionmanantial.org\/en\/wp-json\/wp\/v2\/users\/7"}],"replies":[{"embeddable":true,"href":"https:\/\/www.fundacionmanantial.org\/en\/wp-json\/wp\/v2\/comments?post=9979"}],"version-history":[{"count":2,"href":"https:\/\/www.fundacionmanantial.org\/en\/wp-json\/wp\/v2\/posts\/9979\/revisions"}],"predecessor-version":[{"id":9983,"href":"https:\/\/www.fundacionmanantial.org\/en\/wp-json\/wp\/v2\/posts\/9979\/revisions\/9983"}],"wp:featuredmedia":[{"embeddable":true,"href":"https:\/\/www.fundacionmanantial.org\/en\/wp-json\/wp\/v2\/media\/9989"}],"wp:attachment":[{"href":"https:\/\/www.fundacionmanantial.org\/en\/wp-json\/wp\/v2\/media?parent=9979"}],"wp:term":[{"taxonomy":"category","embeddable":true,"href":"https:\/\/www.fundacionmanantial.org\/en\/wp-json\/wp\/v2\/categories?post=9979"},{"taxonomy":"post_tag","embeddable":true,"href":"https:\/\/www.fundacionmanantial.org\/en\/wp-json\/wp\/v2\/tags?post=9979"}],"curies":[{"name":"wp","href":"https:\/\/api.w.org\/{rel}","templated":true}]}}