{"id":9976,"date":"2025-06-09T10:23:41","date_gmt":"2025-06-09T09:23:41","guid":{"rendered":"https:\/\/www.fundacionmanantial.org\/?p=9976"},"modified":"2025-06-09T10:23:45","modified_gmt":"2025-06-09T09:23:45","slug":"de-alumna-a-maestra-de-taller-mi-camino-laboral-en-fundacion-manantial","status":"publish","type":"post","link":"https:\/\/www.fundacionmanantial.org\/en\/de-alumna-a-maestra-de-taller-mi-camino-laboral-en-fundacion-manantial\/","title":{"rendered":"De alumna a maestra de taller: mi camino laboral en Fundaci\u00f3n Manantial"},"content":{"rendered":"\n<p>Conoc\u00ed Fundaci\u00f3n Manantial en 2023, cuando <strong>me hablaron de la formaci\u00f3n y posibilidad de empleo dentro del programa piloto de Asistencia Personal<\/strong>.<\/p>\n\n\n\n<p>Como persona psiquiatrizada y con formaci\u00f3n en el \u00e1mbito socioeducativo (soy animadora sociocultural y estoy a dos asignaturas de ser educadora social), me pareci\u00f3 una gran oportunidad y un proyecto interesante. Fui aceptada en la formaci\u00f3n y elegida como asistente. Aunque ya conoc\u00eda bastante sobre formas de entender la salud mental gracias a tener a grand\u00edsimas amigas dentro del activismo loco, poder asentar y ampliar esos conocimientos me result\u00f3 incre\u00edblemente gratificante y fruct\u00edfero. No puedo perder la oportunidad de reconocer y agradecer el trabajo del docente <strong>Fernando Alonso<\/strong>. Su conocimiento, su forma de trasmitirlo, su forma de dirigir al grupo y lo cuidadoso que era para tratar temas que pod\u00edan revolvernos. Sin su genial labor, ni la formaci\u00f3n, ni la posterior puesta en pr\u00e1ctica, ni mi visi\u00f3n actual y concreta de la salud mental ser\u00edan lo que fueron y son.<\/p>\n\n\n\n<p>Durante todo el proyecto, el acompa\u00f1amiento y gu\u00eda del equipo t\u00e9cnico fue crucial, en especial el de la trabajadora social <strong>Elena Garc\u00eda Val<\/strong>. <strong>Poder compartir, preguntar y debatir sobre cuestiones pr\u00e1cticas y \u00e9ticas en un espacio seguro, centrado y con la visi\u00f3n y experiencia de alguien como Elena es un privilegio que no en todos los trabajos se puede disfrutar.<\/strong><\/p>\n\n\n\n<p>Lamentablemente el a\u00f1o acab\u00f3, y con \u00e9l, el proyecto. Y aunque con el coraz\u00f3n roto por \u201cabandonar\u201d a las participantes a quienes hab\u00eda acompa\u00f1ado durante todo el a\u00f1o (todav\u00eda pienso en ellas), tuve que ser pr\u00e1ctica. Me puse en manos del \u00c1rea de Personas, Bienestar y Desarrollo de Manantial, con quienes repas\u00e9 mi curr\u00edculo y habilidades, y desde donde me ofrecieron la posibilidad de cubrir la baja de una compa\u00f1era del Centro de Rehabilitaci\u00f3n Laboral \u201cLegan\u00e9s\u201d. Nunca hab\u00eda pisado uno y jam\u00e1s hab\u00eda o\u00eddo hablar de los \u2018maestros de taller\u2019 pero, una vez perfilado el puesto, \u00e9ste no me es extra\u00f1o, aunque s\u00ed nuevo. Lo m\u00e1s dif\u00edcil fue, tal vez, recopilar e interpretar las cosas que hab\u00edan quedado a medias por la abrupta partida de la compa\u00f1era, <strong>pero el equipo del CRL es realmente acogedor y, poco a poco, he podido ir haci\u00e9ndome con el puesto, conociendo los entresijos del centro y ubic\u00e1ndome como profesional.<\/strong><\/p>\n\n\n\n<p>Y ahora me toca vivir tiempos interesantes. La plaza ha salido como vacante e ignoro qu\u00e9 ser\u00e1 de m\u00ed en los pr\u00f3ximos meses \u00bfseguir\u00e9 como Maestra de taller cubriendo otras excedencias? \u00bfMe tocar\u00e1 la loter\u00eda de quedarme con la plaza? \u00bfMe ver\u00e9 pasando el testigo a otra persona? Si esta experiencia termina aqu\u00ed, tengo claras dos cosas: preparar la salida para facilitar a quien venga y ponerme de nuevo en manos del equipo de Personas, Bienestar y Desarrollo por si hubiera manera de <strong>seguir formando parte de Manantial, donde tanta calidad humana he encontrado y donde podr\u00eda desarrollarme profesionalmente.<\/strong><\/p>\n\n\n\n<p><em>Elena Lia\u00f1o. Maestra de taller del Centro de Rehabilitaci\u00f3n Laboral \u201cLegan\u00e9s\u201d<\/em><\/p>\n","protected":false},"excerpt":{"rendered":"<p>Conoc\u00ed Fundaci\u00f3n Manantial en 2023, cuando me hablaron de la formaci\u00f3n y posibilidad de empleo dentro del programa piloto de Asistencia Personal. Como persona psiquiatrizada y con formaci\u00f3n en el \u00e1mbito socioeducativo (soy animadora sociocultural y estoy a dos asignaturas de ser educadora social), me pareci\u00f3 una gran oportunidad y un proyecto interesante. Fui aceptada [&hellip;]<\/p>\n","protected":false},"author":7,"featured_media":9986,"comment_status":"closed","ping_status":"closed","sticky":false,"template":"","format":"standard","meta":{"_acf_changed":false,"give_campaign_id":0,"_seopress_robots_primary_cat":"none","_seopress_titles_title":"Mi experiencia en Fundaci\u00f3n Manantial: de la formaci\u00f3n en Asistencia Personal al trabajo en el CRL Legan\u00e9s","_seopress_titles_desc":"Elena Lia\u00f1o comparte su recorrido en Fundaci\u00f3n Manantial, desde la formaci\u00f3n en Asistencia Personal hasta su labor como maestra de taller en el CRL Legan\u00e9s. Una historia de crecimiento personal, compromiso profesional y esperanza.","_seopress_robots_index":"","footnotes":""},"categories":[41,1],"tags":[],"class_list":["post-9976","post","type-post","status-publish","format-standard","has-post-thumbnail","hentry","category-blog-salud-mental","category-sin-categorizar"],"acf":[],"_links":{"self":[{"href":"https:\/\/www.fundacionmanantial.org\/en\/wp-json\/wp\/v2\/posts\/9976","targetHints":{"allow":["GET"]}}],"collection":[{"href":"https:\/\/www.fundacionmanantial.org\/en\/wp-json\/wp\/v2\/posts"}],"about":[{"href":"https:\/\/www.fundacionmanantial.org\/en\/wp-json\/wp\/v2\/types\/post"}],"author":[{"embeddable":true,"href":"https:\/\/www.fundacionmanantial.org\/en\/wp-json\/wp\/v2\/users\/7"}],"replies":[{"embeddable":true,"href":"https:\/\/www.fundacionmanantial.org\/en\/wp-json\/wp\/v2\/comments?post=9976"}],"version-history":[{"count":1,"href":"https:\/\/www.fundacionmanantial.org\/en\/wp-json\/wp\/v2\/posts\/9976\/revisions"}],"predecessor-version":[{"id":9988,"href":"https:\/\/www.fundacionmanantial.org\/en\/wp-json\/wp\/v2\/posts\/9976\/revisions\/9988"}],"wp:featuredmedia":[{"embeddable":true,"href":"https:\/\/www.fundacionmanantial.org\/en\/wp-json\/wp\/v2\/media\/9986"}],"wp:attachment":[{"href":"https:\/\/www.fundacionmanantial.org\/en\/wp-json\/wp\/v2\/media?parent=9976"}],"wp:term":[{"taxonomy":"category","embeddable":true,"href":"https:\/\/www.fundacionmanantial.org\/en\/wp-json\/wp\/v2\/categories?post=9976"},{"taxonomy":"post_tag","embeddable":true,"href":"https:\/\/www.fundacionmanantial.org\/en\/wp-json\/wp\/v2\/tags?post=9976"}],"curies":[{"name":"wp","href":"https:\/\/api.w.org\/{rel}","templated":true}]}}