{"id":9968,"date":"2025-06-06T10:26:51","date_gmt":"2025-06-06T09:26:51","guid":{"rendered":"https:\/\/www.fundacionmanantial.org\/?p=9968"},"modified":"2025-06-23T19:11:28","modified_gmt":"2025-06-23T18:11:28","slug":"mas-casa-jornada-maternidad-y-salud-mental-en-el-ministerio-de-sanidad","status":"publish","type":"post","link":"https:\/\/www.fundacionmanantial.org\/en\/mas-casa-jornada-maternidad-y-salud-mental-en-el-ministerio-de-sanidad\/","title":{"rendered":"Jornada &#8220;Maternidad y salud mental&#8221; para presentar los resultados del proyecto M\u00e1s Casa de Fundaci\u00f3n Manantial"},"content":{"rendered":"\n<p>El pr\u00f3ximo&nbsp;<strong>24 de junio<\/strong>&nbsp;a las 11:00 horas, celebramos una jornada clave sobre la importancia de la prevenci\u00f3n infantil en salud mental con familias&nbsp;en situaci\u00f3n de vulnerabilidad social.<br><br>Ser\u00e1 un espacio donde presentaremos los resultados del&nbsp;<strong>impacto social de <a href=\"https:\/\/mascasaverde.org\/\" target=\"_blank\" rel=\"noreferrer noopener\">M\u00e1s Casa<\/a><\/strong>, un proyecto de innovaci\u00f3n social de Fundaci\u00f3n Manantial que&nbsp;demuestra&nbsp;que&nbsp;<strong>reforzar el v\u00ednculo entre madres, padres e hijos de 0 a 5 a\u00f1os<\/strong>&nbsp;<strong>reduce significativamente el riesgo de institucionalizaci\u00f3n infantil&nbsp;<\/strong>y fomenta una crianza m\u00e1s segura y saludable. Adem\u00e1s, \u2018M\u00e1s Casa\u2019 contribuye a&nbsp;<strong>interrumpir el ciclo del trauma intergeneracional<\/strong>, un factor clave en contextos marcados por la violencia, la pobreza o la migraci\u00f3n forzada.&nbsp;<strong>Ning\u00fan ni\u00f1o\/a ha sido separado de sus padres<\/strong>&nbsp;durante&nbsp;el a\u00f1o de intervenci\u00f3n con las familias.<\/p>\n\n\n\n<p>La jornada contar\u00e1 con la participaci\u00f3n del&nbsp;<strong><a href=\"https:\/\/www.sanidad.gob.es\/organizacion\/altosCargos\/comisionadoSaludMental.htm\" target=\"_blank\" rel=\"noreferrer noopener\">Comisionado de Salud Mental<\/a><\/strong>&nbsp;y&nbsp;<strong><a href=\"https:\/\/www.unicef.es\/\" target=\"_blank\" rel=\"noreferrer noopener\">UNICEF<\/a><\/strong>.&nbsp;<\/p>\n\n\n\n<p>Todas las personas asistentes recibir\u00e1n un ejemplar del <a href=\"https:\/\/www.fundacionmanantial.org\/wp-content\/uploads\/2025\/05\/INFORME-RESULTADOS-MAS-CASA-FUNDACION-MANANTIAL-1.pdf\" target=\"_blank\" rel=\"noreferrer noopener\">informe con los principales hallazgos del proyecto M\u00e1s Casa.<\/a><\/p>\n\n\n\n<p><strong>&#8220;M\u00e1s Casa\u201d<\/strong> es un proyecto piloto para la sistematizacio\u0301n y medicio\u0301n de la metodologi\u0301a \u201cCasa Verde\u201d, un programa de atenci\u00f3n que pusimos en marcha hace 14 a\u00f1os dirigido a madres y padres o mujeres embarazadas con problemas de salud mental o inestabilidad emocional y a sus hijos e hijas entre 0 y 5 a\u00f1os, que pretende prevenir posibles alteraciones emocionales y\/o en el desarrollo de los ni\u00f1os.<\/p>\n\n\n\n<p>Este proyecto piloto de innovaci\u00f3n social ha sido subvencionado por la&nbsp;<a href=\"https:\/\/www.comunidad.madrid\/centros\/consejeria-familia-juventud-asuntos-sociales\" target=\"_blank\" rel=\"noreferrer noopener\">Consejer\u00eda de Familia, Juventud y Asuntos Sociales<\/a>&nbsp;de la Comunidad de Madrid y cofinanciado por el <a href=\"https:\/\/planderecuperacion.gob.es\/\" target=\"_blank\" rel=\"noreferrer noopener\">Plan de Recuperaci\u00f3n, Transformaci\u00f3n y&nbsp;Resiliencia<\/a>, financiado por la Uni\u00f3n Europea \u2013 <a href=\"https:\/\/next-generation-eu.europa.eu\/index_es\" target=\"_blank\" rel=\"noreferrer noopener\">NextGenerationEU<\/a>.<\/p>\n\n\n\n<p><a href=\"https:\/\/www.deporticket.com\/web-formulario\/30439-inscripcion\" target=\"_blank\" rel=\"noreferrer noopener\">Inscr\u00edbete a la Jornada<\/a><br><br><strong>Te esperamos<\/strong><\/p>\n","protected":false},"excerpt":{"rendered":"<p>El pr\u00f3ximo&nbsp;24 de junio&nbsp;a las 11:00 horas, celebramos una jornada clave sobre la importancia de la prevenci\u00f3n infantil en salud mental con familias&nbsp;en situaci\u00f3n de vulnerabilidad social. Ser\u00e1 un espacio donde presentaremos los resultados del&nbsp;impacto social de M\u00e1s Casa, un proyecto de innovaci\u00f3n social de Fundaci\u00f3n Manantial que&nbsp;demuestra&nbsp;que&nbsp;reforzar el v\u00ednculo entre madres, padres e hijos [&hellip;]<\/p>\n","protected":false},"author":7,"featured_media":10073,"comment_status":"closed","ping_status":"closed","sticky":false,"template":"","format":"standard","meta":{"_acf_changed":false,"give_campaign_id":0,"_seopress_robots_primary_cat":"none","_seopress_titles_title":"Jornada sobre prevenci\u00f3n en salud mental infantil con familias vulnerables | Fundaci\u00f3n Manantial","_seopress_titles_desc":"El 24 de junio, Fundaci\u00f3n Manantial presenta los resultados de \u2018M\u00e1s Casa\u2019, un proyecto que previene la institucionalizaci\u00f3n infantil y rompe el ciclo del trauma en familias vulnerables. Participan la Ministra de Sanidad, el Comisionado de Salud Mental y UNICEF.","_seopress_robots_index":"","footnotes":""},"categories":[34,1],"tags":[],"class_list":["post-9968","post","type-post","status-publish","format-standard","has-post-thumbnail","hentry","category-noticias-fundacion-manantial","category-sin-categorizar"],"acf":[],"_links":{"self":[{"href":"https:\/\/www.fundacionmanantial.org\/en\/wp-json\/wp\/v2\/posts\/9968","targetHints":{"allow":["GET"]}}],"collection":[{"href":"https:\/\/www.fundacionmanantial.org\/en\/wp-json\/wp\/v2\/posts"}],"about":[{"href":"https:\/\/www.fundacionmanantial.org\/en\/wp-json\/wp\/v2\/types\/post"}],"author":[{"embeddable":true,"href":"https:\/\/www.fundacionmanantial.org\/en\/wp-json\/wp\/v2\/users\/7"}],"replies":[{"embeddable":true,"href":"https:\/\/www.fundacionmanantial.org\/en\/wp-json\/wp\/v2\/comments?post=9968"}],"version-history":[{"count":5,"href":"https:\/\/www.fundacionmanantial.org\/en\/wp-json\/wp\/v2\/posts\/9968\/revisions"}],"predecessor-version":[{"id":10075,"href":"https:\/\/www.fundacionmanantial.org\/en\/wp-json\/wp\/v2\/posts\/9968\/revisions\/10075"}],"wp:featuredmedia":[{"embeddable":true,"href":"https:\/\/www.fundacionmanantial.org\/en\/wp-json\/wp\/v2\/media\/10073"}],"wp:attachment":[{"href":"https:\/\/www.fundacionmanantial.org\/en\/wp-json\/wp\/v2\/media?parent=9968"}],"wp:term":[{"taxonomy":"category","embeddable":true,"href":"https:\/\/www.fundacionmanantial.org\/en\/wp-json\/wp\/v2\/categories?post=9968"},{"taxonomy":"post_tag","embeddable":true,"href":"https:\/\/www.fundacionmanantial.org\/en\/wp-json\/wp\/v2\/tags?post=9968"}],"curies":[{"name":"wp","href":"https:\/\/api.w.org\/{rel}","templated":true}]}}