{"id":9963,"date":"2025-06-06T09:48:07","date_gmt":"2025-06-06T08:48:07","guid":{"rendered":"https:\/\/www.fundacionmanantial.org\/?p=9963"},"modified":"2025-06-06T09:49:30","modified_gmt":"2025-06-06T08:49:30","slug":"contextos-inclusivos-en-salud-mental","status":"publish","type":"post","link":"https:\/\/www.fundacionmanantial.org\/en\/contextos-inclusivos-en-salud-mental\/","title":{"rendered":"\u00abContextos inclusivos en salud mental\u00bb"},"content":{"rendered":"\n<p>Los pasados d\u00edas 22 y 23 de mayo, tuve la oportunidad de asistir a la segunda edici\u00f3n de la formaci\u00f3n <strong>\u201cContextos Inclusivos en Salud Mental\u201d<\/strong>.\u00a0En esta ocasi\u00f3n, se dio una vuelta m\u00e1s de tuerca a la relaci\u00f3n entre el empleo y la salud mental para adentrarnos algo m\u00e1s en el <strong>poder transformador que pueden tener las empresas a nivel social y cultural<\/strong>, bajo el subt\u00edtulo\u00a0\u201cSistemas Instituyentes de Salud: Salud Mental y Empleo\u201d.<\/p>\n\n\n\n<p>Fue un espacio de formaci\u00f3n avanzada y reflexi\u00f3n colectiva centrado en la r<strong>elaci\u00f3n entre salud mental, empleo e instituciones<\/strong>. Siguiendo el hilo de la edici\u00f3n anterior \u2014en la que tambi\u00e9n tuve el placer de participar\u2014, profundizamos en la idea de que <strong>los conflictos que aparecen en el \u00e1mbito laboral <\/strong>(como en cualquier otro)<strong>, no pueden comprenderse al margen del contexto en el que se producen.<\/strong> Destacamos la importancia del an\u00e1lisis de estos conflictos entendidos como espacios de oportunidad de establecer v\u00ednculos, m\u00e1s que como problemas desde una perspectiva negativa de la palabra.<\/p>\n\n\n\n<p>A trav\u00e9s del pensamiento y las teor\u00edas de la psicolog\u00eda social de Pichon-Rivi\u00e8re, exploramos conceptos como el <strong>v\u00ednculo, las tramas vinculares y la subjetividad<\/strong>, siempre situados en su marco contextual. La teor\u00eda de los \u00e1mbitos nos sirvi\u00f3 como br\u00fajula para recordar los distintos niveles en los que se configuran esos v\u00ednculos, y nos acompa\u00f1\u00f3 durante toda la formaci\u00f3n: desde el \u00e1mbito subjetivo hasta el ideol\u00f3gico.<\/p>\n\n\n\n<p>Un aporte especialmente novedoso e interesante de esta edici\u00f3n fue la presentaci\u00f3n del recorrido hist\u00f3rico del concepto de \u201cempleo\u201d desde una mirada antropol\u00f3gica. Tambi\u00e9n reflexionamos sobre <strong>el papel de las empresas como posibles\u00a0sistemas instituyentes de salud mental\u00a0y su potencial como agentes de transformaci\u00f3n social.\u00a0<\/strong><\/p>\n\n\n\n<p>La metodolog\u00eda combin\u00f3 teor\u00eda, an\u00e1lisis institucional y debate grupal, facilitando una comprensi\u00f3n profunda y cr\u00edtica del contexto laboral desde una mirada psicosocial. <strong>Pensar en la construcci\u00f3n social del trabajo desde el \u00e1mbito ideol\u00f3gico nos dio espacio para debatir, reivindicar y, sobre todo, para recuperar la esperanza en la construcci\u00f3n colectiva y en el poder transformador de nuestro trabajo diario con las personas a las que acompa\u00f1amos.<\/strong><\/p>\n\n\n\n<p><em>Tania Cantero. T\u00e9cnica Especialista en Salud Mental y Empleo de Fundaci\u00f3n Manantial.<\/em><\/p>\n","protected":false},"excerpt":{"rendered":"<p>Los pasados d\u00edas 22 y 23 de mayo, tuve la oportunidad de asistir a la segunda edici\u00f3n de la formaci\u00f3n \u201cContextos Inclusivos en Salud Mental\u201d.\u00a0En esta ocasi\u00f3n, se dio una vuelta m\u00e1s de tuerca a la relaci\u00f3n entre el empleo y la salud mental para adentrarnos algo m\u00e1s en el poder transformador que pueden tener [&hellip;]<\/p>\n","protected":false},"author":7,"featured_media":2198,"comment_status":"closed","ping_status":"closed","sticky":false,"template":"","format":"standard","meta":{"_acf_changed":false,"give_campaign_id":0,"_seopress_robots_primary_cat":"none","_seopress_titles_title":"Contextos inclusivos en salud mental | Fundaci\u00f3n Manantial","_seopress_titles_desc":"Descubre c\u00f3mo Fundaci\u00f3n Manantial promueve entornos inclusivos en salud mental, facilitando la recuperaci\u00f3n, autonom\u00eda y participaci\u00f3n social de las personas atendidas en sus programas.","_seopress_robots_index":"","footnotes":""},"categories":[41,1],"tags":[],"class_list":["post-9963","post","type-post","status-publish","format-standard","has-post-thumbnail","hentry","category-blog-salud-mental","category-sin-categorizar"],"acf":[],"_links":{"self":[{"href":"https:\/\/www.fundacionmanantial.org\/en\/wp-json\/wp\/v2\/posts\/9963","targetHints":{"allow":["GET"]}}],"collection":[{"href":"https:\/\/www.fundacionmanantial.org\/en\/wp-json\/wp\/v2\/posts"}],"about":[{"href":"https:\/\/www.fundacionmanantial.org\/en\/wp-json\/wp\/v2\/types\/post"}],"author":[{"embeddable":true,"href":"https:\/\/www.fundacionmanantial.org\/en\/wp-json\/wp\/v2\/users\/7"}],"replies":[{"embeddable":true,"href":"https:\/\/www.fundacionmanantial.org\/en\/wp-json\/wp\/v2\/comments?post=9963"}],"version-history":[{"count":2,"href":"https:\/\/www.fundacionmanantial.org\/en\/wp-json\/wp\/v2\/posts\/9963\/revisions"}],"predecessor-version":[{"id":9967,"href":"https:\/\/www.fundacionmanantial.org\/en\/wp-json\/wp\/v2\/posts\/9963\/revisions\/9967"}],"wp:featuredmedia":[{"embeddable":true,"href":"https:\/\/www.fundacionmanantial.org\/en\/wp-json\/wp\/v2\/media\/2198"}],"wp:attachment":[{"href":"https:\/\/www.fundacionmanantial.org\/en\/wp-json\/wp\/v2\/media?parent=9963"}],"wp:term":[{"taxonomy":"category","embeddable":true,"href":"https:\/\/www.fundacionmanantial.org\/en\/wp-json\/wp\/v2\/categories?post=9963"},{"taxonomy":"post_tag","embeddable":true,"href":"https:\/\/www.fundacionmanantial.org\/en\/wp-json\/wp\/v2\/tags?post=9963"}],"curies":[{"name":"wp","href":"https:\/\/api.w.org\/{rel}","templated":true}]}}