{"id":9958,"date":"2025-06-10T13:54:18","date_gmt":"2025-06-10T12:54:18","guid":{"rendered":"https:\/\/www.fundacionmanantial.org\/?p=9958"},"modified":"2025-07-16T12:08:28","modified_gmt":"2025-07-16T11:08:28","slug":"fundacion-manantial-y-volvo-group-espana-se-alian-para-promover-la-salud-mental-en-la-juventud","status":"publish","type":"post","link":"https:\/\/www.fundacionmanantial.org\/en\/fundacion-manantial-y-volvo-group-espana-se-alian-para-promover-la-salud-mental-en-la-juventud\/","title":{"rendered":"Fundaci\u00f3n Manantial y Volvo Group Espa\u00f1a se al\u00edan para promover la salud mental en la juventud"},"content":{"rendered":"\n<p>Fundaci\u00f3n Manantial y <a href=\"https:\/\/www.volvogroup.com\/en\/\" target=\"_blank\" rel=\"noreferrer noopener\">Volvo Group Espa\u00f1a<\/a> han firmado un convenio de colaboraci\u00f3n para impulsar la promoci\u00f3n de la salud mental entre los adolescentes. Esta alianza permitir\u00e1 poner en marcha el proyecto <strong>#Rayadas<\/strong>, una iniciativa dirigida a cuidar el bienestar emocional de las personas j\u00f3venes en el entorno educativo.<\/p>\n\n\n\n<p>Volvo es una empresa comprometida con el bienestar de las personas y especialmente sensible ante los problemas de salud mental.\u00a0Por ello,\u00a0ha querido apoyar este proyecto como parte de su\u00a0estrategia\u00a0de responsabilidad social\u00a0corporativa. Gracias a esta colaboraci\u00f3n, Fundaci\u00f3n Manantial podr\u00e1 desarrollar el programa\u00a0<strong>#Rayadas<\/strong>\u00a0con estudiantes de 3\u00ba de ESO en centros educativos, as\u00ed como ofrecer un\u00a0<strong>taller online exclusivo para la plantilla de Volvo Group Espa\u00f1a<\/strong>, con el objetivo de sensibilizar sobre salud mental, comprender mejor las emociones de las nuevas generaciones y aportar herramientas para acompa\u00f1arlos de forma cercana y positiva.<\/p>\n\n\n\n<blockquote class=\"wp-block-quote is-layout-flow wp-block-quote-is-layout-flow\">\n<p>\u201cEl taller permitir\u00e1 a nuestras personas empleadas entender mejor los retos que afronta la juventud actual, detectar se\u00f1ales de malestar emocional y contar con estrategias pr\u00e1cticas para apoyar sin invadir\u201d, se\u00f1alan desde Volvo Group Espa\u00f1a. \u201cCreemos que cuidar la salud mental hoy es una inversi\u00f3n en el futuro de todos y todas\u201d.<\/p>\n<\/blockquote>\n\n\n\n<p>Por su parte, <strong>Elena Biurrun<\/strong>, directora general de Fundaci\u00f3n Manantial, ha destacado la importancia del acuerdo:<\/p>\n\n\n\n<blockquote class=\"wp-block-quote is-layout-flow wp-block-quote-is-layout-flow\">\n<p>\u201cTener sinergias con una empresa como Volvo Group Espa\u00f1a que nos permita seguir trabajando la prevenci\u00f3n con j\u00f3venes es una oportunidad para llegar m\u00e1s lejos, innovar en la forma en que hablamos de salud mental y construir espacios seguros donde los adolescentes puedan expresarse y sentirse acompa\u00f1ados\u201d.<\/p>\n<\/blockquote>\n\n\n\n<p>El proyecto <strong><a href=\"https:\/\/www.fundacionmanantial.org\/proyectos-para-hacer-frente-al-dolor-de-los-adolescentes-rayadas-en-el-mundo\/\" target=\"_blank\" rel=\"noreferrer noopener\">#Rayadas<\/a><\/strong> trabaja con adolescentes desde una perspectiva cercana y de prevenci\u00f3n, ofreciendo un lugar en el que&nbsp;<strong>hablar de lo que les ocurre, conocer sus miedos, su malestar, ense\u00f1arles d\u00f3nde pedir ayuda<\/strong>&nbsp;y saber gestionar un uso adecuado de las&nbsp;<strong>redes sociales<\/strong>, con un enfoque participativo y adaptado a su lenguaje.<\/p>\n\n\n\n<p>Volvo Group Espa\u00f1a est\u00e1 formada por\u00a0<a href=\"http:\/\/Renault Trucks Espa\u00f1a: Overview | LinkedIn\" target=\"_blank\" rel=\"noreferrer noopener\">Renault Trucks Espa\u00f1a<\/a>,\u00a0<a href=\"https:\/\/www.linkedin.com\/company\/volvotrucksespana\/\" target=\"_blank\" rel=\"noreferrer noopener\">Volvo Trucks Espa\u00f1a<\/a>,\u00a0<a href=\"https:\/\/www.linkedin.com\/company\/volvobusesespana\" target=\"_blank\" rel=\"noreferrer noopener\">Volvo Buses<\/a>, <a href=\"https:\/\/www.volvofinancialservices.com\/es\/\" target=\"_blank\" rel=\"noreferrer noopener\">Volvo Financial Services<\/a> y <a href=\"https:\/\/www.volvopenta.com\/es-es\/\" target=\"_blank\" rel=\"noreferrer noopener\">Volvo Penta<\/a>.<\/p>\n","protected":false},"excerpt":{"rendered":"<p>Fundaci\u00f3n Manantial y Volvo Group Espa\u00f1a han firmado un convenio de colaboraci\u00f3n para impulsar la promoci\u00f3n de la salud mental entre los adolescentes. Esta alianza permitir\u00e1 poner en marcha el proyecto #Rayadas, una iniciativa dirigida a cuidar el bienestar emocional de las personas j\u00f3venes en el entorno educativo. Volvo es una empresa comprometida con el [&hellip;]<\/p>\n","protected":false},"author":7,"featured_media":10008,"comment_status":"closed","ping_status":"closed","sticky":false,"template":"","format":"standard","meta":{"_acf_changed":false,"give_campaign_id":0,"_seopress_robots_primary_cat":"none","_seopress_titles_title":"Fundaci\u00f3n Manantial y Volvo se unen para promover la salud mental en adolescentes con el proyecto #Rayadas","_seopress_titles_desc":"Fundaci\u00f3n Manantial y Volvo Group Espa\u00f1a lanzan el proyecto #Rayadas para fomentar el bienestar emocional en adolescentes. La iniciativa incluye talleres escolares y formaci\u00f3n para empleados de Volvo.","_seopress_robots_index":"","footnotes":""},"categories":[34,53,1],"tags":[],"class_list":["post-9958","post","type-post","status-publish","format-standard","has-post-thumbnail","hentry","category-noticias-fundacion-manantial","category-sin-categorizar-2","category-sin-categorizar"],"acf":[],"_links":{"self":[{"href":"https:\/\/www.fundacionmanantial.org\/en\/wp-json\/wp\/v2\/posts\/9958","targetHints":{"allow":["GET"]}}],"collection":[{"href":"https:\/\/www.fundacionmanantial.org\/en\/wp-json\/wp\/v2\/posts"}],"about":[{"href":"https:\/\/www.fundacionmanantial.org\/en\/wp-json\/wp\/v2\/types\/post"}],"author":[{"embeddable":true,"href":"https:\/\/www.fundacionmanantial.org\/en\/wp-json\/wp\/v2\/users\/7"}],"replies":[{"embeddable":true,"href":"https:\/\/www.fundacionmanantial.org\/en\/wp-json\/wp\/v2\/comments?post=9958"}],"version-history":[{"count":6,"href":"https:\/\/www.fundacionmanantial.org\/en\/wp-json\/wp\/v2\/posts\/9958\/revisions"}],"predecessor-version":[{"id":10193,"href":"https:\/\/www.fundacionmanantial.org\/en\/wp-json\/wp\/v2\/posts\/9958\/revisions\/10193"}],"wp:featuredmedia":[{"embeddable":true,"href":"https:\/\/www.fundacionmanantial.org\/en\/wp-json\/wp\/v2\/media\/10008"}],"wp:attachment":[{"href":"https:\/\/www.fundacionmanantial.org\/en\/wp-json\/wp\/v2\/media?parent=9958"}],"wp:term":[{"taxonomy":"category","embeddable":true,"href":"https:\/\/www.fundacionmanantial.org\/en\/wp-json\/wp\/v2\/categories?post=9958"},{"taxonomy":"post_tag","embeddable":true,"href":"https:\/\/www.fundacionmanantial.org\/en\/wp-json\/wp\/v2\/tags?post=9958"}],"curies":[{"name":"wp","href":"https:\/\/api.w.org\/{rel}","templated":true}]}}