{"id":9952,"date":"2025-06-06T09:00:36","date_gmt":"2025-06-06T08:00:36","guid":{"rendered":"https:\/\/www.fundacionmanantial.org\/?p=9952"},"modified":"2025-06-06T09:00:40","modified_gmt":"2025-06-06T08:00:40","slug":"taller-de-entrevistas-para-mejorar-la-empleabilidad-en-personas-con-problemas-de-salud-mental","status":"publish","type":"post","link":"https:\/\/www.fundacionmanantial.org\/en\/taller-de-entrevistas-para-mejorar-la-empleabilidad-en-personas-con-problemas-de-salud-mental\/","title":{"rendered":"Taller de entrevistas para mejorar la empleabilidad en personas con problemas de salud mental"},"content":{"rendered":"\n<p>Desde el \u00c1rea de Empleo de Fundaci\u00f3n Manantial, y en el marco del <em>Programa Itinerarios Integrados de Inserci\u00f3n Sociolaboral<\/em> dirigido a personas adultas con problemas de salud mental, se ha puesto en marcha un <strong>taller de entrevistas orientado a mejorar las competencias profesionales y la preparaci\u00f3n de cara a procesos de selecci\u00f3n laboral.<\/strong><\/p>\n\n\n\n<p>Durante los d\u00edas 2, 3 y 4 de junio, siete personas han participado en sesiones grupales centradas en el <strong>an\u00e1lisis de sus perfiles competenciales, el conocimiento de herramientas clave para presentar sus candidaturas y la pr\u00e1ctica de entrevistas laborales.<\/strong><\/p>\n\n\n\n<p>Este taller ha sido dise\u00f1ado con una metodolog\u00eda pr\u00e1ctica, din\u00e1mica y participativa, que permite no solo entrenar habilidades esenciales para la <strong>b\u00fasqueda de empleo<\/strong>, sino tambi\u00e9n <strong>fortalecer la motivaci\u00f3n, la actitud y la cohesi\u00f3n del grupo<\/strong>. La dimensi\u00f3n grupal, adem\u00e1s, facilita la creaci\u00f3n de una <strong>red de contactos<\/strong> entre las personas participantes, lo que refuerza su <strong>inclusi\u00f3n social y laboral<\/strong>.<\/p>\n\n\n\n<p>Desde Fundaci\u00f3n Manantial, continuamos impulsando acciones que <strong>fomenten la empleabilidad y promuevan la inclusi\u00f3n sociolaboral de personas con problemas de salud mental<\/strong>, poniendo el foco en sus capacidades, motivaci\u00f3n y potencial de desarrollo.<\/p>\n\n\n\n<p>El <strong>Programa de Itinerarios integrados<\/strong>, a trav\u00e9s de la\u00a0<a href=\"http:\/\/vicepresidencia%20y%20conselleria%20de%20servicios%20sociales,%20igualdad%20y%20vivienda\/\" target=\"_blank\" rel=\"noreferrer noopener\">Vicepresidencia Primera y Conselleria de Servicios Sociales, Igualdad y Vivienda<\/a>, cuenta con la cofinanciaci\u00f3n de la Uni\u00f3n Europea en el marco del\u00a0<a href=\"https:\/\/inclusio.gva.es\/es\/web\/igualdad-diversidad\/programes-europeus-kumpania\/periode-de-programacio-2021-2027\" target=\"_blank\" rel=\"noreferrer noopener\">Programa Fondo Social Europeo Plus (FSE+)<\/a>\u00a0Comunitat Valenciana 2021-2027.\u00a0Tiene como objetivo promover la\u00a0<strong>formaci\u00f3n profesional<\/strong>\u00a0y facilitar el acceso al\u00a0<strong>empleo<\/strong>.\u00a0<strong>Fundaci\u00f3n Manantial<\/strong>\u00a0desarrolla este programa desde 2018, trabajando para mejorar la\u00a0<strong>inclusi\u00f3n social<\/strong>\u00a0y laboral de personas con problemas de salud mental.<\/p>\n","protected":false},"excerpt":{"rendered":"<p>Desde el \u00c1rea de Empleo de Fundaci\u00f3n Manantial, y en el marco del Programa Itinerarios Integrados de Inserci\u00f3n Sociolaboral dirigido a personas adultas con problemas de salud mental, se ha puesto en marcha un taller de entrevistas orientado a mejorar las competencias profesionales y la preparaci\u00f3n de cara a procesos de selecci\u00f3n laboral. Durante los [&hellip;]<\/p>\n","protected":false},"author":7,"featured_media":9955,"comment_status":"closed","ping_status":"closed","sticky":false,"template":"","format":"standard","meta":{"_acf_changed":false,"give_campaign_id":0,"_seopress_robots_primary_cat":"none","_seopress_titles_title":"Taller de entrevistas de empleo para personas con problemas de salud mental | Fundaci\u00f3n Manantial","_seopress_titles_desc":"Fundaci\u00f3n Manantial lanza un taller de entrevistas para mejorar la empleabilidad de personas con problemas de salud mental. Una iniciativa pr\u00e1ctica y motivadora.","_seopress_robots_index":"","footnotes":""},"categories":[34,1],"tags":[],"class_list":["post-9952","post","type-post","status-publish","format-standard","has-post-thumbnail","hentry","category-noticias-fundacion-manantial","category-sin-categorizar"],"acf":[],"_links":{"self":[{"href":"https:\/\/www.fundacionmanantial.org\/en\/wp-json\/wp\/v2\/posts\/9952","targetHints":{"allow":["GET"]}}],"collection":[{"href":"https:\/\/www.fundacionmanantial.org\/en\/wp-json\/wp\/v2\/posts"}],"about":[{"href":"https:\/\/www.fundacionmanantial.org\/en\/wp-json\/wp\/v2\/types\/post"}],"author":[{"embeddable":true,"href":"https:\/\/www.fundacionmanantial.org\/en\/wp-json\/wp\/v2\/users\/7"}],"replies":[{"embeddable":true,"href":"https:\/\/www.fundacionmanantial.org\/en\/wp-json\/wp\/v2\/comments?post=9952"}],"version-history":[{"count":1,"href":"https:\/\/www.fundacionmanantial.org\/en\/wp-json\/wp\/v2\/posts\/9952\/revisions"}],"predecessor-version":[{"id":9957,"href":"https:\/\/www.fundacionmanantial.org\/en\/wp-json\/wp\/v2\/posts\/9952\/revisions\/9957"}],"wp:featuredmedia":[{"embeddable":true,"href":"https:\/\/www.fundacionmanantial.org\/en\/wp-json\/wp\/v2\/media\/9955"}],"wp:attachment":[{"href":"https:\/\/www.fundacionmanantial.org\/en\/wp-json\/wp\/v2\/media?parent=9952"}],"wp:term":[{"taxonomy":"category","embeddable":true,"href":"https:\/\/www.fundacionmanantial.org\/en\/wp-json\/wp\/v2\/categories?post=9952"},{"taxonomy":"post_tag","embeddable":true,"href":"https:\/\/www.fundacionmanantial.org\/en\/wp-json\/wp\/v2\/tags?post=9952"}],"curies":[{"name":"wp","href":"https:\/\/api.w.org\/{rel}","templated":true}]}}