{"id":9944,"date":"2025-06-04T13:29:25","date_gmt":"2025-06-04T12:29:25","guid":{"rendered":"https:\/\/www.fundacionmanantial.org\/?p=9944"},"modified":"2025-06-04T13:29:34","modified_gmt":"2025-06-04T12:29:34","slug":"descubre-nuestro-nuevo-boletin-manantial-en-la-comunidad-junio-2025","status":"publish","type":"post","link":"https:\/\/www.fundacionmanantial.org\/en\/descubre-nuestro-nuevo-boletin-manantial-en-la-comunidad-junio-2025\/","title":{"rendered":"Descubre nuestro nuevo bolet\u00edn \u00abManantial en la Comunidad\u00bb \u2013 junio 2025"},"content":{"rendered":"\n<p>Fundaci\u00f3n Manantial ha publicado su Bolet\u00edn\u00a0<strong>\u00abManantial en la Comunidad\u00bb de junio de 2025<\/strong>, destacando diversas iniciativas en la comunidad que promueven la salud mental y la inclusi\u00f3n social.<\/p>\n\n\n\n<p>\ud83d\udeb6\u200d\u2640\ufe0f\ud83c\udf33<strong>Semana de la Salud en Torrej\u00f3n<\/strong>: paseo comunitario para promover h\u00e1bitos saludables. <\/p>\n\n\n\n<p>\ud83c\udf0a\ud83e\udd1d<strong>Encuentro en Benicasim<\/strong>: personas del Servicio de Promoci\u00f3n de la Salud Mental comunitaria de Vila-real y La Vall d\u2019Uix\u00f2 comparten un d\u00eda de convivencia y reflexi\u00f3n junto al mar. <\/p>\n\n\n\n<p>\ud83d\udcda\ud83d\uded2<strong>D\u00eda del Libro<\/strong>: intercambiamos libros por alimentos en una acci\u00f3n solidaria que une cultura y ayuda. <\/p>\n\n\n\n<p><strong>\ud83d\udcd6\ud83d\udc65Club de Lectura<\/strong>: compartimos lecturas ilustradas con vecinas y vecinos en un espacio abierto. <\/p>\n\n\n\n<p>\ud83e\udde9\ud83c\udfd8\ufe0f<strong>Mesa \u201cGenerar para Impulsar Barajas\u201d<\/strong>: creamos una red comunitaria para mejorar el bienestar del barrio. <\/p>\n\n\n\n<p>\ud83c\udf93\ud83d\udc9a<strong>Educaci\u00f3n Social en Torrej\u00f3n<\/strong>: estudiantes y profesionales se encuentran para hablar sobre salud mental y educaci\u00f3n. <\/p>\n\n\n\n<p>Estas iniciativas reflejan el compromiso de Fundaci\u00f3n Manantial en promover la salud mental y la inclusi\u00f3n social a trav\u00e9s de actividades comunitarias y colaborativas.<\/p>\n\n\n\n<p><strong><a href=\"https:\/\/www.fundacionmanantial.org\/wp-content\/uploads\/2025\/06\/Boletin-Junio-2025.pdf\" target=\"_blank\" rel=\"noreferrer noopener\">Leer el bolet\u00edn completo<\/a><\/strong><\/p>\n","protected":false},"excerpt":{"rendered":"<p>Fundaci\u00f3n Manantial ha publicado su Bolet\u00edn\u00a0\u00abManantial en la Comunidad\u00bb de junio de 2025, destacando diversas iniciativas en la comunidad que promueven la salud mental y la inclusi\u00f3n social. \ud83d\udeb6\u200d\u2640\ufe0f\ud83c\udf33Semana de la Salud en Torrej\u00f3n: paseo comunitario para promover h\u00e1bitos saludables. \ud83c\udf0a\ud83e\udd1dEncuentro en Benicasim: personas del Servicio de Promoci\u00f3n de la Salud Mental comunitaria de Vila-real [&hellip;]<\/p>\n","protected":false},"author":7,"featured_media":9948,"comment_status":"closed","ping_status":"closed","sticky":false,"template":"","format":"standard","meta":{"_acf_changed":false,"give_campaign_id":0,"_seopress_robots_primary_cat":"none","_seopress_titles_title":"Fundaci\u00f3n Manantial promueve salud mental e inclusi\u00f3n social en su bolet\u00edn de junio 2025","_seopress_titles_desc":"Fundaci\u00f3n Manantial publica su bolet\u00edn de junio 2025 con iniciativas comunitarias que fomentan la salud mental, la inclusi\u00f3n social y la participaci\u00f3n ciudadana en Torrej\u00f3n, Vila-real, Benicasim y Barajas.","_seopress_robots_index":"","footnotes":""},"categories":[34,1],"tags":[],"class_list":["post-9944","post","type-post","status-publish","format-standard","has-post-thumbnail","hentry","category-noticias-fundacion-manantial","category-sin-categorizar"],"acf":[],"_links":{"self":[{"href":"https:\/\/www.fundacionmanantial.org\/en\/wp-json\/wp\/v2\/posts\/9944","targetHints":{"allow":["GET"]}}],"collection":[{"href":"https:\/\/www.fundacionmanantial.org\/en\/wp-json\/wp\/v2\/posts"}],"about":[{"href":"https:\/\/www.fundacionmanantial.org\/en\/wp-json\/wp\/v2\/types\/post"}],"author":[{"embeddable":true,"href":"https:\/\/www.fundacionmanantial.org\/en\/wp-json\/wp\/v2\/users\/7"}],"replies":[{"embeddable":true,"href":"https:\/\/www.fundacionmanantial.org\/en\/wp-json\/wp\/v2\/comments?post=9944"}],"version-history":[{"count":2,"href":"https:\/\/www.fundacionmanantial.org\/en\/wp-json\/wp\/v2\/posts\/9944\/revisions"}],"predecessor-version":[{"id":9950,"href":"https:\/\/www.fundacionmanantial.org\/en\/wp-json\/wp\/v2\/posts\/9944\/revisions\/9950"}],"wp:featuredmedia":[{"embeddable":true,"href":"https:\/\/www.fundacionmanantial.org\/en\/wp-json\/wp\/v2\/media\/9948"}],"wp:attachment":[{"href":"https:\/\/www.fundacionmanantial.org\/en\/wp-json\/wp\/v2\/media?parent=9944"}],"wp:term":[{"taxonomy":"category","embeddable":true,"href":"https:\/\/www.fundacionmanantial.org\/en\/wp-json\/wp\/v2\/categories?post=9944"},{"taxonomy":"post_tag","embeddable":true,"href":"https:\/\/www.fundacionmanantial.org\/en\/wp-json\/wp\/v2\/tags?post=9944"}],"curies":[{"name":"wp","href":"https:\/\/api.w.org\/{rel}","templated":true}]}}