{"id":9867,"date":"2025-05-19T08:58:16","date_gmt":"2025-05-19T07:58:16","guid":{"rendered":"https:\/\/www.fundacionmanantial.org\/?p=9867"},"modified":"2025-05-19T09:00:04","modified_gmt":"2025-05-19T08:00:04","slug":"contextos-laborales-inclusivos-en-salud-mental","status":"publish","type":"post","link":"https:\/\/www.fundacionmanantial.org\/en\/contextos-laborales-inclusivos-en-salud-mental\/","title":{"rendered":"\u00abContextos laborales inclusivos en salud mental\u00bb"},"content":{"rendered":"\n<p><em>Puentes entre la teor\u00eda y la pr\u00e1ctica a partir del curso \u201cContextos laborales inclusivos en salud mental\u201d, curso incluido en el Plan de Formaci\u00f3n de Fundaci\u00f3n Manantial 2025.<\/em><\/p>\n\n\n\n<p><strong>\u00bfQu\u00e9 trabajo queremos promover?<\/strong><\/p>\n\n\n\n<p>En el sistema actual, el trabajo juega un papel importante en la vida social y en la subjetividad de las personas. Su&nbsp;<strong>acceso desigual<\/strong>&nbsp;genera&nbsp;<strong>brechas econ\u00f3micas<\/strong>, pero tambi\u00e9n&nbsp;<strong>rompe<\/strong><strong>&nbsp;la<\/strong> <strong>posibilidad de <em>ser<\/em> con otras personas<\/strong>. En este sistema, el problema radica en no tener un lugar donde ser reconocido, donde poder aportar o ser nombrado. Si no est\u00e1s, quedas al margen.<\/p>\n\n\n\n<p>Desde nuestra pr\u00e1ctica habitual de acompa\u00f1amiento en procesos de inclusi\u00f3n, vemos c\u00f3mo el trabajo, cuando est\u00e1 ausente o precarizado,\u00a0<strong>duele<\/strong>\u00a0y cuando se ofrece sin escucha o condiciones dignas,\u00a0<strong>hiere<\/strong>. Sin embargo, tambi\u00e9n somos testigos de su potencia cuando se abre un\u00a0<strong>espacio para el v\u00ednculo, para el reconocimiento y la simbolizaci\u00f3n.<\/strong>\u00a0Esta apertura tambi\u00e9n tiene un\u00a0<strong>impacto para la organizaci\u00f3n, para los equipos y la cultura institucional<\/strong>, donde\u00a0<strong>emerge lo instituyente<\/strong>.<\/p>\n\n\n\n<p><strong>El malestar no es solo individual; es la expresi\u00f3n de una trama vincular.<\/strong><\/p>\n\n\n\n<p>El malestar no es solo una cuesti\u00f3n individual, desde la perspectiva institucional y cl\u00ednica. El\u00a0<strong>sufrimiento no tiene una \u00fanica causa<\/strong>\u00a0ni responde solamente a condiciones personales. Se trata de\u00a0<strong>una trama vincular compleja<\/strong>\u00a0que incluye al entorno, a la historia y al modo en que las instituciones responden, o no, al malestar.\u00a0La teor\u00eda de los \u00e1mbitos muestra que\u00a0<strong>la persona no es ajena a la organizaci\u00f3n, si no que se produce en relaci\u00f3n con ella<\/strong>. En este v\u00ednculo, se entraman deseos, malestares y conflictos que no son exclusivamente individuales ni institucionales, sino que emergen en la trama compartida. Y la instituci\u00f3n, si no procesa estos emergentes,\u00a0<strong>puede responder con mecanismos defensivos<\/strong>: grupos estereotipados, roles cristalizados, navarritas que expulsan lo que molesta (etiquetas como \u201cproblem\u00e1tico\u201d, \u201cquemado\u201d).<\/p>\n\n\n\n<p>En los contextos donde se impone la l\u00f3gica de la producci\u00f3n infinita aparece la&nbsp;<strong>aspiraci\u00f3n sin l\u00edmites que desborda al individuo y al grupo:<\/strong>&nbsp;la anomia. Las bajas por salud mental, la desmotivaci\u00f3n y conflictos reiterados no son fallos individuales,&nbsp;<strong>son respuestas circulares a una organizaci\u00f3n que no puede escuchar ni dar cabida<\/strong>. Los mecanismos de defensa colectivos, como la fragmentaci\u00f3n de tareas, sobrecarga silenciosa, rotaciones excesivas, ausencia de espacios para la palabra, son se\u00f1ales de una instituci\u00f3n que no encuentra su capacidad de&nbsp;<strong>transformar el conflicto en una oportunidad de aprendizaje<\/strong>.<\/p>\n\n\n\n<p><strong>\u00bfQu\u00e9 puede hacer la empresa?<\/strong><\/p>\n\n\n\n<p>Las empresas, adem\u00e1s de generar empleo, tienen un&nbsp;<strong>rol clave en la prevenci\u00f3n del sufrimiento dentro de sus propios equipos<\/strong>. No se trata solamente de ayudar a las personas m\u00e1s vulnerables, sino de&nbsp;<strong>cuestionar las pr\u00e1cticas que patologizan<\/strong>&nbsp;determinadas trayectorias y ensalzan otras.&nbsp;<strong>El sufrimiento no entiende de colectivos<\/strong>, ya que atraviesa a todas las personas cuando el contexto se torna t\u00f3xico, homogenizante o deshumanizante. Las empresas pueden revisar los discursos que sostienen sus criterios de empleabilidad, reconociendo otros saberes. Pueden generar redes de apoyo para la inclusi\u00f3n, sostenimiento y prevenci\u00f3n. Pueden revisar sus significados de conflicto, resignificar los grupos estereotipados como un mecanismo de defensa y, por \u00faltimo, acompa\u00f1ar en los procesos de transferencia, que son inherentes al ser humano.<\/p>\n\n\n\n<p><strong>Apuesta por lo sostenible<\/strong><\/p>\n\n\n\n<p>Para una&nbsp;<strong>inclusi\u00f3n real, la integraci\u00f3n debe ir de la mano del cambio<\/strong>.&nbsp; Desde la teor\u00eda pichoniana, que plantea que el sost\u00e9n ps\u00edquico se construye en el entramado relacional,&nbsp;<strong>el trabajo puede ser continente o una experiencia de abandono, de cuidado o de trauma<\/strong>&nbsp;(o retraumatizaci\u00f3n). Pensar en el trabajo como una pr\u00e1ctica vincular y pol\u00edtica es m\u00e1s sostenible, adem\u00e1s de ser m\u00e1s justo. Es m\u00e1s sostenible para la&nbsp;<strong>persona,<\/strong>&nbsp;porque le&nbsp;<strong>permite sostener la vida sin renunciar a s\u00ed misma<\/strong>, sin disociarse del malestar para volverse m\u00e1s funcional, para la&nbsp;<strong>empresa<\/strong>&nbsp;porque&nbsp;<strong>reduce la fragilidad institucional<\/strong>&nbsp;al fortalecer v\u00ednculos y permitir que el conflicto se elabore, lo que repercute en una empresa m\u00e1s saludable, donde da espacio al deseo, a la motivaci\u00f3n y a una cultura organizacional m\u00e1s robusta. Y al<strong> entorno<\/strong>,&nbsp;<strong>porque propone una forma de producir<\/strong>&nbsp;m\u00e1s respetuosa con las personas, viable para la empresa y&nbsp;<strong>sostenible para toda forma de vida.<\/strong><\/p>\n\n\n\n<p>El desaf\u00edo es t\u00e9cnico, pero sobre todo \u00e9tico, pol\u00edtico y humano.&nbsp;<strong>No es solo de algunas personas, es de todas. &nbsp;<\/strong><\/p>\n\n\n\n<p><em>\u00c1urea Vega Sober\u00f3n. Tutora de Orientaci\u00f3n del Proyecto Alternancia Joven de Fundaci\u00f3n Manantial.<\/em><\/p>\n","protected":false},"excerpt":{"rendered":"<p>Puentes entre la teor\u00eda y la pr\u00e1ctica a partir del curso \u201cContextos laborales inclusivos en salud mental\u201d, curso incluido en el Plan de Formaci\u00f3n de Fundaci\u00f3n Manantial 2025. \u00bfQu\u00e9 trabajo queremos promover? En el sistema actual, el trabajo juega un papel importante en la vida social y en la subjetividad de las personas. Su&nbsp;acceso desigual&nbsp;genera&nbsp;brechas [&hellip;]<\/p>\n","protected":false},"author":7,"featured_media":2198,"comment_status":"closed","ping_status":"closed","sticky":false,"template":"","format":"standard","meta":{"_acf_changed":false,"give_campaign_id":0,"_seopress_robots_primary_cat":"none","_seopress_titles_title":"\u00abContextos laborales inclusivos en salud mental\u00bb. Plan de formaci\u00f3n de Fundaci\u00f3n Manantial","_seopress_titles_desc":"Descubre c\u00f3mo Fundaci\u00f3n Manantial promueve entornos laborales inclusivos para personas con problemas de salud mental, fomentando la empleabilidad y la recuperaci\u00f3n a trav\u00e9s de programas de inserci\u00f3n sociolaboral.","_seopress_robots_index":"","footnotes":""},"categories":[41,1],"tags":[],"class_list":["post-9867","post","type-post","status-publish","format-standard","has-post-thumbnail","hentry","category-blog-salud-mental","category-sin-categorizar"],"acf":[],"_links":{"self":[{"href":"https:\/\/www.fundacionmanantial.org\/en\/wp-json\/wp\/v2\/posts\/9867","targetHints":{"allow":["GET"]}}],"collection":[{"href":"https:\/\/www.fundacionmanantial.org\/en\/wp-json\/wp\/v2\/posts"}],"about":[{"href":"https:\/\/www.fundacionmanantial.org\/en\/wp-json\/wp\/v2\/types\/post"}],"author":[{"embeddable":true,"href":"https:\/\/www.fundacionmanantial.org\/en\/wp-json\/wp\/v2\/users\/7"}],"replies":[{"embeddable":true,"href":"https:\/\/www.fundacionmanantial.org\/en\/wp-json\/wp\/v2\/comments?post=9867"}],"version-history":[{"count":4,"href":"https:\/\/www.fundacionmanantial.org\/en\/wp-json\/wp\/v2\/posts\/9867\/revisions"}],"predecessor-version":[{"id":9873,"href":"https:\/\/www.fundacionmanantial.org\/en\/wp-json\/wp\/v2\/posts\/9867\/revisions\/9873"}],"wp:featuredmedia":[{"embeddable":true,"href":"https:\/\/www.fundacionmanantial.org\/en\/wp-json\/wp\/v2\/media\/2198"}],"wp:attachment":[{"href":"https:\/\/www.fundacionmanantial.org\/en\/wp-json\/wp\/v2\/media?parent=9867"}],"wp:term":[{"taxonomy":"category","embeddable":true,"href":"https:\/\/www.fundacionmanantial.org\/en\/wp-json\/wp\/v2\/categories?post=9867"},{"taxonomy":"post_tag","embeddable":true,"href":"https:\/\/www.fundacionmanantial.org\/en\/wp-json\/wp\/v2\/tags?post=9867"}],"curies":[{"name":"wp","href":"https:\/\/api.w.org\/{rel}","templated":true}]}}