{"id":9607,"date":"2025-04-04T12:14:39","date_gmt":"2025-04-04T11:14:39","guid":{"rendered":"https:\/\/www.fundacionmanantial.org\/?p=9607"},"modified":"2025-04-04T12:18:10","modified_gmt":"2025-04-04T11:18:10","slug":"descubre-nuestro-nuevo-boletin-manantial-en-la-comunidad-abril-2025","status":"publish","type":"post","link":"https:\/\/www.fundacionmanantial.org\/en\/descubre-nuestro-nuevo-boletin-manantial-en-la-comunidad-abril-2025\/","title":{"rendered":"Descubre nuestro nuevo bolet\u00edn \u00abManantial en la Comunidad\u00bb \u2013 abril 2025"},"content":{"rendered":"\n<p>Fundaci\u00f3n Manantial ha publicado su Bolet\u00edn \u00abManantial en la Comunidad\u00bb de abril de 2025, destacando diversas iniciativas en la comunidad que promueven la salud mental y la inclusi\u00f3n social.<\/p>\n\n\n\n<p>\ud83d\uddbc\ufe0f <strong>Laboratorio de Arte, Bienestar y Educaci\u00f3n<\/strong>, donde visitamos dos exposiciones, <em>Carrusel<\/em> y <em>Wasi Llamkha<\/em>, explorando escultura, performance y arquitectura ef\u00edmera.<\/p>\n\n\n\n<p>\ud83d\udcac<strong>Charla-di\u00e1logo<\/strong> sobre la importancia de la comunicaci\u00f3n entre padres e hijos j\u00f3venes.<\/p>\n\n\n\n<p>\ud83d\udc9c<strong>Pancarta para reivindicar el 8 de marzo<\/strong> y <strong><a href=\"https:\/\/www.fundacionmanantial.org\/tejearte-recibe-el-premio-la-mirada-violeta-del-ayuntamiento-de-leganes-por-su-compromiso-con-la-igualdad\/\" target=\"_blank\" rel=\"noreferrer noopener\">Premio Violeta al proyecto &#8220;Tejearte\u201c<\/a><\/strong>, llevado a cabo por el Equipo de Apoyo Social Comunitario \u201cLegan\u00e9s\u201d<\/p>\n\n\n\n<p>\ud83c\udfa8Exposici\u00f3n sobre Andy Warhol a trav\u00e9s del <strong>programa comunitario &#8220;Acerca Cultura&#8221;<\/strong>, red de espacios culturales y entidades sociales que hacen la cultura accesible para tod@s.<\/p>\n\n\n\n<p>Estas iniciativas reflejan el compromiso de Fundaci\u00f3n Manantial en promover la salud mental y la inclusi\u00f3n social a trav\u00e9s de actividades comunitarias y colaborativas.<\/p>\n\n\n\n<p><strong><a href=\"https:\/\/www.fundacionmanantial.org\/wp-content\/uploads\/2025\/04\/Boletin-Abril-2025.pdf\" target=\"_blank\" rel=\"noreferrer noopener\">Leer el bolet\u00edn completo<\/a><\/strong><\/p>\n","protected":false},"excerpt":{"rendered":"<p>Fundaci\u00f3n Manantial ha publicado su Bolet\u00edn \u00abManantial en la Comunidad\u00bb de abril de 2025, destacando diversas iniciativas en la comunidad que promueven la salud mental y la inclusi\u00f3n social. \ud83d\uddbc\ufe0f Laboratorio de Arte, Bienestar y Educaci\u00f3n, donde visitamos dos exposiciones, Carrusel y Wasi Llamkha, explorando escultura, performance y arquitectura ef\u00edmera. \ud83d\udcacCharla-di\u00e1logo sobre la importancia de [&hellip;]<\/p>\n","protected":false},"author":7,"featured_media":9609,"comment_status":"closed","ping_status":"closed","sticky":false,"template":"","format":"standard","meta":{"_acf_changed":false,"give_campaign_id":0,"_seopress_robots_primary_cat":"none","_seopress_titles_title":"Descubre el nuevo bolet\u00edn \"Manantial en la Comunidad\" \u2013 Abril 2025","_seopress_titles_desc":"Lee el nuevo bolet\u00edn Manantial en la Comunidad de abril 2025 y descubre novedades, actividades y proyectos de inclusi\u00f3n social. \u00a1L\u00e9elo aqu\u00ed!","_seopress_robots_index":"","footnotes":""},"categories":[34,1,53],"tags":[],"class_list":["post-9607","post","type-post","status-publish","format-standard","has-post-thumbnail","hentry","category-noticias-fundacion-manantial","category-sin-categorizar","category-sin-categorizar-2"],"acf":[],"_links":{"self":[{"href":"https:\/\/www.fundacionmanantial.org\/en\/wp-json\/wp\/v2\/posts\/9607","targetHints":{"allow":["GET"]}}],"collection":[{"href":"https:\/\/www.fundacionmanantial.org\/en\/wp-json\/wp\/v2\/posts"}],"about":[{"href":"https:\/\/www.fundacionmanantial.org\/en\/wp-json\/wp\/v2\/types\/post"}],"author":[{"embeddable":true,"href":"https:\/\/www.fundacionmanantial.org\/en\/wp-json\/wp\/v2\/users\/7"}],"replies":[{"embeddable":true,"href":"https:\/\/www.fundacionmanantial.org\/en\/wp-json\/wp\/v2\/comments?post=9607"}],"version-history":[{"count":5,"href":"https:\/\/www.fundacionmanantial.org\/en\/wp-json\/wp\/v2\/posts\/9607\/revisions"}],"predecessor-version":[{"id":9614,"href":"https:\/\/www.fundacionmanantial.org\/en\/wp-json\/wp\/v2\/posts\/9607\/revisions\/9614"}],"wp:featuredmedia":[{"embeddable":true,"href":"https:\/\/www.fundacionmanantial.org\/en\/wp-json\/wp\/v2\/media\/9609"}],"wp:attachment":[{"href":"https:\/\/www.fundacionmanantial.org\/en\/wp-json\/wp\/v2\/media?parent=9607"}],"wp:term":[{"taxonomy":"category","embeddable":true,"href":"https:\/\/www.fundacionmanantial.org\/en\/wp-json\/wp\/v2\/categories?post=9607"},{"taxonomy":"post_tag","embeddable":true,"href":"https:\/\/www.fundacionmanantial.org\/en\/wp-json\/wp\/v2\/tags?post=9607"}],"curies":[{"name":"wp","href":"https:\/\/api.w.org\/{rel}","templated":true}]}}