{"id":8867,"date":"2024-11-04T09:22:22","date_gmt":"2024-11-04T08:22:22","guid":{"rendered":"https:\/\/www.fundacionmanantial.org\/?p=8867"},"modified":"2024-11-04T09:22:26","modified_gmt":"2024-11-04T08:22:26","slug":"manantial-en-la-comunidad-celebraciones-y-actividades-de-concienciacion-en-el-dia-mundial-de-la-salud-mental-2024","status":"publish","type":"post","link":"https:\/\/www.fundacionmanantial.org\/en\/manantial-en-la-comunidad-celebraciones-y-actividades-de-concienciacion-en-el-dia-mundial-de-la-salud-mental-2024\/","title":{"rendered":"Manantial en la comunidad: celebraciones y actividades de concienciaci\u00f3n en el D\u00eda Mundial de la Salud Mental 2024"},"content":{"rendered":"\n<p>Para celebrar el D\u00eda Mundial de la Salud Mental, los recursos de atenci\u00f3n social de Fundaci\u00f3n Manantial en la Comunidad de Madrid y la Comunidad Valenciana organizaron una serie de eventos de concienciaci\u00f3n y actividades abiertas al p\u00fablico. Las iniciativas se centraron en promover el bienestar mental, combatir el estigma y crear espacios de reflexi\u00f3n y solidaridad en torno a la salud mental.<\/p>\n\n\n\n<h3 class=\"wp-block-heading\">Actividades destacadas en distintas localidades:<\/h3>\n\n\n\n<ol class=\"wp-block-list\">\n<li><strong>Fuenlabrada<\/strong> \u2013 En colaboraci\u00f3n con la Asociaci\u00f3n ASAV, celebramos un videof\u00f3rum en el teatro Maribel Verd\u00fa, hicimos una marcha en bicicleta por Bosque Sur y Parque Polvoranca y elaboramos pulseras verdes con menores del centro El Arce Rojo.<\/li>\n\n\n\n<li><strong>Parla<\/strong> \u2013 La ciudadan\u00eda particip\u00f3 en una acci\u00f3n comunitaria de sensibilizaci\u00f3n en la que se exploraron mitos y realidades sobre la salud mental, llev\u00e1ndose de recuerdo una chapa elaborada en los centros locales.<\/li>\n\n\n\n<li><strong>Hortaleza<\/strong> \u2013 Con el lema <em>\u201cCompa\u00f1\u00eda = salud mental\u201d<\/em>, los centros y entidades de Hortaleza organizaron espacios de di\u00e1logo y reflexi\u00f3n sobre las palabras y emociones asociadas a la salud mental, con el apoyo de organizaciones locales como Cruz Roja y el Centro de Salud Mental de Hortaleza.<\/li>\n\n\n\n<li><strong>Torrej\u00f3n de Ardoz<\/strong> \u2013 Bajo el lema <em>\u201cJuntos tenemos m\u00e1s peso\u201d<\/em>, la comunidad se reuni\u00f3 para escribir mensajes de apoyo en piedras, un s\u00edmbolo de solidaridad. En colaboraci\u00f3n con ASME, se llevaron a cabo unas jornadas sobre \u201cTrabajo y salud\u201d en el Hospital Universitario de Torrej\u00f3n, con testimonios en primera persona y un concierto.<\/li>\n\n\n\n<li><strong>Legan\u00e9s<\/strong> \u2013 En el barrio de Arroyoculebro, los vecinos y vecinas participaron en la creaci\u00f3n de un mural colectivo sobre la salud mental, junto con un mapeo emocional y una exposici\u00f3n fotogr\u00e1fica, cerrando con una animada sesi\u00f3n de zumba.<\/li>\n\n\n\n<li><strong>Alcorc\u00f3n<\/strong> \u2013 El municipio se llen\u00f3 de tulipanes con mensajes plantados en calles y comercios. Adem\u00e1s, personas usuarias de los Centros de Rehabilitaci\u00f3n participaron en una entrevista en <em>Cadena Ser<\/em> para compartir su experiencia y fomentar el di\u00e1logo sobre la salud mental.<\/li>\n\n\n\n<li><strong>Vila-real (Castell\u00f3n)<\/strong> \u2013 Una sesi\u00f3n de yoga al aire libre reuni\u00f3 a la comunidad, promoviendo el bienestar mental y la conexi\u00f3n social en un ambiente relajado.<\/li>\n<\/ol>\n\n\n\n<h3 class=\"wp-block-heading\">La importancia de la salud mental y el bienestar emocional<\/h3>\n\n\n\n<p>Estas actividades reflejan el compromiso continuo por normalizar las conversaciones sobre salud mental y proporcionar herramientas de apoyo accesibles para todos y todas.<\/p>\n\n\n\n<p>Este 10 de octubre, el mensaje fue claro: la salud mental es un pilar esencial para una sociedad sana, y construir una comunidad solidaria y con conciencia sobre este tema es responsabilidad de todos.<\/p>\n\n\n\n<p><a href=\"https:\/\/www.fundacionmanantial.org\/wp-content\/uploads\/2024\/11\/Boletin-Noviembre-2024.pdf\" target=\"_blank\" rel=\"noreferrer noopener\">Lee el bolet\u00edn &#8220;Manantial en la comunidad&#8221; para saber m\u00e1s de cada acci\u00f3n<\/a><\/p>\n","protected":false},"excerpt":{"rendered":"<p>Para celebrar el D\u00eda Mundial de la Salud Mental, los recursos de atenci\u00f3n social de Fundaci\u00f3n Manantial en la Comunidad de Madrid y la Comunidad Valenciana organizaron una serie de eventos de concienciaci\u00f3n y actividades abiertas al p\u00fablico. Las iniciativas se centraron en promover el bienestar mental, combatir el estigma y crear espacios de reflexi\u00f3n [&hellip;]<\/p>\n","protected":false},"author":7,"featured_media":8872,"comment_status":"closed","ping_status":"closed","sticky":false,"template":"","format":"standard","meta":{"_acf_changed":false,"give_campaign_id":0,"_seopress_robots_primary_cat":"none","_seopress_titles_title":"","_seopress_titles_desc":"","_seopress_robots_index":"","footnotes":""},"categories":[34,1],"tags":[107,85,61,65,111],"class_list":["post-8867","post","type-post","status-publish","format-standard","has-post-thumbnail","hentry","category-noticias-fundacion-manantial","category-sin-categorizar","tag-estigma","tag-fundacion-manantial","tag-inclusion","tag-salud-mental","tag-sensibilizacion"],"acf":[],"_links":{"self":[{"href":"https:\/\/www.fundacionmanantial.org\/en\/wp-json\/wp\/v2\/posts\/8867","targetHints":{"allow":["GET"]}}],"collection":[{"href":"https:\/\/www.fundacionmanantial.org\/en\/wp-json\/wp\/v2\/posts"}],"about":[{"href":"https:\/\/www.fundacionmanantial.org\/en\/wp-json\/wp\/v2\/types\/post"}],"author":[{"embeddable":true,"href":"https:\/\/www.fundacionmanantial.org\/en\/wp-json\/wp\/v2\/users\/7"}],"replies":[{"embeddable":true,"href":"https:\/\/www.fundacionmanantial.org\/en\/wp-json\/wp\/v2\/comments?post=8867"}],"version-history":[{"count":2,"href":"https:\/\/www.fundacionmanantial.org\/en\/wp-json\/wp\/v2\/posts\/8867\/revisions"}],"predecessor-version":[{"id":8871,"href":"https:\/\/www.fundacionmanantial.org\/en\/wp-json\/wp\/v2\/posts\/8867\/revisions\/8871"}],"wp:featuredmedia":[{"embeddable":true,"href":"https:\/\/www.fundacionmanantial.org\/en\/wp-json\/wp\/v2\/media\/8872"}],"wp:attachment":[{"href":"https:\/\/www.fundacionmanantial.org\/en\/wp-json\/wp\/v2\/media?parent=8867"}],"wp:term":[{"taxonomy":"category","embeddable":true,"href":"https:\/\/www.fundacionmanantial.org\/en\/wp-json\/wp\/v2\/categories?post=8867"},{"taxonomy":"post_tag","embeddable":true,"href":"https:\/\/www.fundacionmanantial.org\/en\/wp-json\/wp\/v2\/tags?post=8867"}],"curies":[{"name":"wp","href":"https:\/\/api.w.org\/{rel}","templated":true}]}}