{"id":8566,"date":"2024-09-16T10:23:00","date_gmt":"2024-09-16T09:23:00","guid":{"rendered":"https:\/\/www.fundacionmanantial.org\/?p=8566"},"modified":"2024-10-03T10:14:05","modified_gmt":"2024-10-03T09:14:05","slug":"taller-de-alfabetizacion-digital-para-mejorar-las-competencias-tecnologicas-y-aumentar-las-oportunidades-de-inclusion-laboral","status":"publish","type":"post","link":"https:\/\/www.fundacionmanantial.org\/en\/taller-de-alfabetizacion-digital-para-mejorar-las-competencias-tecnologicas-y-aumentar-las-oportunidades-de-inclusion-laboral\/","title":{"rendered":"Taller de alfabetizaci\u00f3n digital para mejorar las competencias tecnol\u00f3gicas y aumentar las oportunidades de inclusi\u00f3n laboral"},"content":{"rendered":"\n<p>Esta semana, en la Comunidad Valenciana hemos iniciado un <strong>Taller de Alfabetizaci\u00f3n Digital<\/strong>, como parte del <strong>Programa Itinerarios Integrados de Inserci\u00f3n Sociolaboral<\/strong>. Este programa est\u00e1 dirigido a personas adultas con problemas de <strong>salud mental<\/strong> que buscan mejorar sus <strong>competencias digitales<\/strong> y aumentar sus posibilidades de <strong>acceder al mercado laboral<\/strong>.<\/p>\n\n\n\n<p>El taller se desarrollar\u00e1 del <strong>13 al 26 de septiembre<\/strong>, con un total de <strong>16 horas de formaci\u00f3n<\/strong>, y contar\u00e1 con la participaci\u00f3n de <strong>siete personas<\/strong> del Programa Itinerarios. Esta formaci\u00f3n, que ya ha sido impartida en ediciones anteriores debido a su alta demanda y utilidad, est\u00e1 especialmente dise\u00f1ada para quienes necesitan mejorar sus habilidades en el uso de las <strong>nuevas tecnolog\u00edas<\/strong>.<\/p>\n\n\n\n<p>El enfoque principal de este taller es ense\u00f1ar a las personas participantes a utilizar las herramientas digitales en la <strong>b\u00fasqueda de empleo<\/strong>, lo que les permitir\u00e1 superar la brecha digital y mejorar sus oportunidades de <strong>inclusi\u00f3n sociolaboral<\/strong> a corto y medio plazo.<\/p>\n\n\n\n<p>Agradecemos al <strong>CRIS \u201cCiutat de Vila-real\u201d<\/strong> la cesi\u00f3n de sus espacios para la realizaci\u00f3n del taller.<\/p>\n\n\n\n<p>El Programa de Itinerarios integrados, a trav\u00e9s de la <a href=\"http:\/\/Vicepresidencia y Conselleria de Servicios Sociales, Igualdad y Vivienda\" target=\"_blank\" rel=\"noreferrer noopener\">Vicepresidencia y Conselleria de Servicios Sociales, Igualdad y Vivienda<\/a>, cuenta con la cofinanciaci\u00f3n de la Uni\u00f3n Europea en el marco del\u00a0<a href=\"https:\/\/inclusio.gva.es\/es\/web\/igualdad-diversidad\/programes-europeus-kumpania\/periode-de-programacio-2021-2027\" target=\"_blank\" rel=\"noreferrer noopener\">Programa Fondo Social Europeo Plus (FSE+)<\/a> Comunitat Valenciana 2021-2027.\u00a0Tiene como objetivo promover la\u00a0<strong>formaci\u00f3n profesional<\/strong>\u00a0y facilitar el acceso al\u00a0<strong>empleo<\/strong>. <strong>Fundaci\u00f3n Manantial<\/strong>\u00a0ha desarrollado este programa desde 2018, trabajando para mejorar la\u00a0<strong>inclusi\u00f3n social<\/strong>\u00a0y laboral de personas con problemas de salud mental.<\/p>\n","protected":false},"excerpt":{"rendered":"<p>Esta semana, en la Comunidad Valenciana hemos iniciado un Taller de Alfabetizaci\u00f3n Digital, como parte del Programa Itinerarios Integrados de Inserci\u00f3n Sociolaboral. Este programa est\u00e1 dirigido a personas adultas con problemas de salud mental que buscan mejorar sus competencias digitales y aumentar sus posibilidades de acceder al mercado laboral. El taller se desarrollar\u00e1 del 13 [&hellip;]<\/p>\n","protected":false},"author":7,"featured_media":8570,"comment_status":"closed","ping_status":"closed","sticky":false,"template":"","format":"standard","meta":{"_acf_changed":false,"give_campaign_id":0,"_seopress_robots_primary_cat":"none","_seopress_titles_title":"Taller de alfabetizaci\u00f3n digital para mejorar las competencias tecnol\u00f3gicas y aumentar las oportunidades de inclusi\u00f3n laboral","_seopress_titles_desc":"\"Fundaci\u00f3n Manantial organiza un taller de alfabetizaci\u00f3n digital para mejorar las competencias tecnol\u00f3gicas de personas con problemas de salud mental, fomentando su inclusi\u00f3n laboral y social.\"","_seopress_robots_index":"","footnotes":""},"categories":[34,53,1],"tags":[],"class_list":["post-8566","post","type-post","status-publish","format-standard","has-post-thumbnail","hentry","category-noticias-fundacion-manantial","category-sin-categorizar-2","category-sin-categorizar"],"acf":[],"_links":{"self":[{"href":"https:\/\/www.fundacionmanantial.org\/en\/wp-json\/wp\/v2\/posts\/8566","targetHints":{"allow":["GET"]}}],"collection":[{"href":"https:\/\/www.fundacionmanantial.org\/en\/wp-json\/wp\/v2\/posts"}],"about":[{"href":"https:\/\/www.fundacionmanantial.org\/en\/wp-json\/wp\/v2\/types\/post"}],"author":[{"embeddable":true,"href":"https:\/\/www.fundacionmanantial.org\/en\/wp-json\/wp\/v2\/users\/7"}],"replies":[{"embeddable":true,"href":"https:\/\/www.fundacionmanantial.org\/en\/wp-json\/wp\/v2\/comments?post=8566"}],"version-history":[{"count":5,"href":"https:\/\/www.fundacionmanantial.org\/en\/wp-json\/wp\/v2\/posts\/8566\/revisions"}],"predecessor-version":[{"id":8678,"href":"https:\/\/www.fundacionmanantial.org\/en\/wp-json\/wp\/v2\/posts\/8566\/revisions\/8678"}],"wp:featuredmedia":[{"embeddable":true,"href":"https:\/\/www.fundacionmanantial.org\/en\/wp-json\/wp\/v2\/media\/8570"}],"wp:attachment":[{"href":"https:\/\/www.fundacionmanantial.org\/en\/wp-json\/wp\/v2\/media?parent=8566"}],"wp:term":[{"taxonomy":"category","embeddable":true,"href":"https:\/\/www.fundacionmanantial.org\/en\/wp-json\/wp\/v2\/categories?post=8566"},{"taxonomy":"post_tag","embeddable":true,"href":"https:\/\/www.fundacionmanantial.org\/en\/wp-json\/wp\/v2\/tags?post=8566"}],"curies":[{"name":"wp","href":"https:\/\/api.w.org\/{rel}","templated":true}]}}