{"id":8560,"date":"2024-09-09T10:55:51","date_gmt":"2024-09-09T09:55:51","guid":{"rendered":"https:\/\/www.fundacionmanantial.org\/?p=8560"},"modified":"2024-10-17T07:57:38","modified_gmt":"2024-10-17T06:57:38","slug":"resultados-de-comunicacion-de-fundacion-manantial-en-agosto-2024-impactos-relevantes","status":"publish","type":"post","link":"https:\/\/www.fundacionmanantial.org\/en\/resultados-de-comunicacion-de-fundacion-manantial-en-agosto-2024-impactos-relevantes\/","title":{"rendered":"Resultados de comunicaci\u00f3n de Fundaci\u00f3n Manantial en agosto 2024: impactos relevantes"},"content":{"rendered":"\n<p>Durante el mes de agosto de 2024, Fundaci\u00f3n Manantial ha logrado un impacto significativo en medios de comunicaci\u00f3n y redes sociales. Se registraron <strong>28 impactos medi\u00e1ticos<\/strong>, alcanzando una audiencia de <strong>5.814.273 personas<\/strong> y generando un valor publicitario equivalente de <strong>204.308 euros<\/strong>.<\/p>\n\n\n\n<p>Entre las principales acciones y temas destacados, resalta la colaboraci\u00f3n con el <strong>Observatorio Social de Fundaci\u00f3n La Caixa<\/strong> y el <strong>Instituto de Psiquiatr\u00eda y Salud Mental del Hospital Cl\u00ednico San Carlos<\/strong>, con los que se present\u00f3 un estudio sobre la salud mental de los j\u00f3venes. Tambi\u00e9n fue clave el <strong>Informe Rayadas<\/strong> y las <strong>jornadas &#8220;Hablemos sobre el amor&#8221;<\/strong> organizadas por la Fundaci\u00f3n.<\/p>\n\n\n\n<p>Los medios que cubrieron estas noticias incluyen <strong>Infosalus, La Raz\u00f3n<\/strong> y <strong>Telecinco<\/strong>. En particular, temas como el malestar emocional entre los j\u00f3venes y su falta de acceso a ayuda profesional recibieron atenci\u00f3n medi\u00e1tica, con titulares que se\u00f1alan que solo el <strong>25,9% de las personas j\u00f3venes<\/strong> con problemas emocionales busca ayuda profesional\u200b.<\/p>\n\n\n\n<p>En redes sociales, Fundaci\u00f3n Manantial vio un crecimiento en todas sus plataformas. En <strong>X<\/strong>, ya cuenta con <strong>5.497 seguidores<\/strong>; <strong>Instagram<\/strong> fue una de las plataformas m\u00e1s activas, con <strong>82 publicaciones y 66 seguidores nuevos<\/strong>; en <strong>LinkedIn<\/strong>, la p\u00e1gina de <strong>Fundaci\u00f3n Manantial<\/strong> gan\u00f3 <strong>155 nuevos seguidores<\/strong>, lo que la lleva a estar por encima de los 11.500 seguidores, mientras que <strong>Facebook <\/strong>se mantiene con <strong>7.368<\/strong>.<\/p>\n\n\n\n<p>En resumen, Fundaci\u00f3n Manantial consolid\u00f3 su presencia en medios y redes sociales, reforzando su relevancia en el \u00e1mbito de la salud mental en Espa\u00f1a.<\/p>\n","protected":false},"excerpt":{"rendered":"<p>Durante el mes de agosto de 2024, Fundaci\u00f3n Manantial ha logrado un impacto significativo en medios de comunicaci\u00f3n y redes sociales. Se registraron 28 impactos medi\u00e1ticos, alcanzando una audiencia de 5.814.273 personas y generando un valor publicitario equivalente de 204.308 euros. Entre las principales acciones y temas destacados, resalta la colaboraci\u00f3n con el Observatorio Social [&hellip;]<\/p>\n","protected":false},"author":7,"featured_media":8316,"comment_status":"closed","ping_status":"closed","sticky":false,"template":"","format":"standard","meta":{"_acf_changed":false,"give_campaign_id":0,"_seopress_robots_primary_cat":"none","_seopress_titles_title":"","_seopress_titles_desc":"","_seopress_robots_index":"","footnotes":""},"categories":[34,1,53],"tags":[],"class_list":["post-8560","post","type-post","status-publish","format-standard","has-post-thumbnail","hentry","category-noticias-fundacion-manantial","category-sin-categorizar","category-sin-categorizar-2"],"acf":[],"_links":{"self":[{"href":"https:\/\/www.fundacionmanantial.org\/en\/wp-json\/wp\/v2\/posts\/8560","targetHints":{"allow":["GET"]}}],"collection":[{"href":"https:\/\/www.fundacionmanantial.org\/en\/wp-json\/wp\/v2\/posts"}],"about":[{"href":"https:\/\/www.fundacionmanantial.org\/en\/wp-json\/wp\/v2\/types\/post"}],"author":[{"embeddable":true,"href":"https:\/\/www.fundacionmanantial.org\/en\/wp-json\/wp\/v2\/users\/7"}],"replies":[{"embeddable":true,"href":"https:\/\/www.fundacionmanantial.org\/en\/wp-json\/wp\/v2\/comments?post=8560"}],"version-history":[{"count":3,"href":"https:\/\/www.fundacionmanantial.org\/en\/wp-json\/wp\/v2\/posts\/8560\/revisions"}],"predecessor-version":[{"id":8788,"href":"https:\/\/www.fundacionmanantial.org\/en\/wp-json\/wp\/v2\/posts\/8560\/revisions\/8788"}],"wp:featuredmedia":[{"embeddable":true,"href":"https:\/\/www.fundacionmanantial.org\/en\/wp-json\/wp\/v2\/media\/8316"}],"wp:attachment":[{"href":"https:\/\/www.fundacionmanantial.org\/en\/wp-json\/wp\/v2\/media?parent=8560"}],"wp:term":[{"taxonomy":"category","embeddable":true,"href":"https:\/\/www.fundacionmanantial.org\/en\/wp-json\/wp\/v2\/categories?post=8560"},{"taxonomy":"post_tag","embeddable":true,"href":"https:\/\/www.fundacionmanantial.org\/en\/wp-json\/wp\/v2\/tags?post=8560"}],"curies":[{"name":"wp","href":"https:\/\/api.w.org\/{rel}","templated":true}]}}