{"id":8531,"date":"2024-09-13T11:57:00","date_gmt":"2024-09-13T10:57:00","guid":{"rendered":"https:\/\/www.fundacionmanantial.org\/?p=8531"},"modified":"2024-11-20T14:44:28","modified_gmt":"2024-11-20T13:44:28","slug":"curso-el-espejo-roto-de-la-memoria-de-fundacion-manantial-literatura-cine-y-salud-mental","status":"publish","type":"post","link":"https:\/\/www.fundacionmanantial.org\/en\/curso-el-espejo-roto-de-la-memoria-de-fundacion-manantial-literatura-cine-y-salud-mental\/","title":{"rendered":"Curso &#8220;El espejo roto de la memoria&#8221; de Fundaci\u00f3n Manantial. Literatura, cine y salud mental"},"content":{"rendered":"\n<p>Cuando hablamos de salud mental hay una facultad que est\u00e1 presente en muchos de los mecanismos que la definen.&nbsp;<strong>Se trata de la memoria.<\/strong>&nbsp;La memoria es la base de nuestra identidad. Y preguntarnos por qui\u00e9nes somos es la primera pregunta que inaugura el cuestionario de nuestra propia salud mental. Pero, a la vez, la memoria es fr\u00e1gil, vulnerable, a veces titubea cuando no falsea directamente. Recordar es equivocarse, es mezclar la realidad con la imaginaci\u00f3n, con los propios sue\u00f1os. Hacer memoria es intentar reproducir, pero tambi\u00e9n es elegir. Recordamos seg\u00fan ciertos intereses particulares, no siempre conscientes. La memoria es la base de nuestros ocultamientos.&nbsp;<br><br><strong>De cosas que no nos atrevemos a contarnos a nosotros mismos va este curso.<\/strong>&nbsp;De esas cosas que quedan atrapadas en los pliegues de la memoria. De falsos recuerdos. De olvidos necesarios. De mitos familiares o infancias olvidadas que nadie sabe d\u00f3nde habitan pero que nos constituyen. La memoria como un espejo roto que nos devuelve una imagen parcial, limitada, insuficiente pero necesaria.&nbsp;<br><br>Adem\u00e1s, sabemos que&nbsp;<strong>la memoria no es solo una funci\u00f3n individual.<\/strong>&nbsp;La memoria no es solo la esencia de nuestra identidad personal sino tambi\u00e9n es memoria colectiva. Narrar y preguntarnos qui\u00e9nes somos implica una continua inquisici\u00f3n sobre nuestra propia identidad, sobre nuestra propia memoria. Pero no estamos solos con nosotros mismos. Nuestra historia personal, nuestra memoria y nuestra identidad, est\u00e1n penetradas oblicuamente por las vicisitudes de la historia colectiva.<br><br>Para hablar de todo ello,&nbsp;<strong>presentamos un programa que esperamos resulte atractivo donde la literatura, el cine, la psiquiatr\u00eda, la neurociencia y la psicolog\u00eda ser\u00e1n las disciplinas protagonistas.<\/strong><\/p>\n\n\n\n<p>El curso est\u00e1 dirigido por <strong><a href=\"https:\/\/www.penguinlibros.com\/es\/351-laura-ferrero?srsltid=AfmBOoo30bQH0jtTB1GtEqKaNYgj3x9r-_hjHp6sRr1S--FGrKnGw3Vc\" target=\"_blank\" rel=\"noreferrer noopener\">Laura Ferrero<\/a>, <a href=\"https:\/\/es.linkedin.com\/in\/mercedes-nav%C3%ADo-acosta-36898850\" target=\"_blank\" rel=\"noreferrer noopener\">Mercedes Nav\u00edo<\/a> y <a href=\"https:\/\/es.linkedin.com\/in\/ra%C3%BAl-g%C3%B3mez-g%C3%B3mez-b14578254\" target=\"_blank\" rel=\"noreferrer noopener\">Ra\u00fal G\u00f3mez<\/a><\/strong>. Cuenta con la colaboraci\u00f3n del <strong>Colegio Oficial de la Psicolog\u00eda de Madrid<\/strong> y el patrocinio de <strong>Johnson&amp;Johnson<\/strong>.<\/p>\n\n\n\n<p><strong><a href=\"https:\/\/www.fundacionmanantial.org\/wp-content\/uploads\/2024\/11\/1.PROGRAMA-ESPEJO-ROTO-def.pdf\" target=\"_blank\" rel=\"noreferrer noopener\">Ver programa del curso<\/a><\/strong><\/p>\n\n\n\n<p><strong><a href=\"https:\/\/fundacionmanantial.deporticket.com\/\" target=\"_blank\" rel=\"noreferrer noopener\">Inscr\u00edbete en el curso<\/a><\/strong><\/p>\n\n\n\n<p><\/p>\n","protected":false},"excerpt":{"rendered":"<p>Cuando hablamos de salud mental hay una facultad que est\u00e1 presente en muchos de los mecanismos que la definen.&nbsp;Se trata de la memoria.&nbsp;La memoria es la base de nuestra identidad. Y preguntarnos por qui\u00e9nes somos es la primera pregunta que inaugura el cuestionario de nuestra propia salud mental. Pero, a la vez, la memoria es [&hellip;]<\/p>\n","protected":false},"author":7,"featured_media":8785,"comment_status":"closed","ping_status":"closed","sticky":false,"template":"","format":"standard","meta":{"_acf_changed":false,"give_campaign_id":0,"_seopress_robots_primary_cat":"none","_seopress_titles_title":"Curso \"El espejo roto de la memoria\" de Fundaci\u00f3n Manantial. Literatura, cine y salud mental","_seopress_titles_desc":"\"Fundaci\u00f3n Manantial presenta el curso 'El espejo roto de la memoria', explorando la intersecci\u00f3n entre literatura, cine y salud mental, y su impacto en la comprensi\u00f3n de experiencias vividas.\"","_seopress_robots_index":"","footnotes":""},"categories":[34,53,1],"tags":[],"class_list":["post-8531","post","type-post","status-publish","format-standard","has-post-thumbnail","hentry","category-noticias-fundacion-manantial","category-sin-categorizar-2","category-sin-categorizar"],"acf":[],"_links":{"self":[{"href":"https:\/\/www.fundacionmanantial.org\/en\/wp-json\/wp\/v2\/posts\/8531","targetHints":{"allow":["GET"]}}],"collection":[{"href":"https:\/\/www.fundacionmanantial.org\/en\/wp-json\/wp\/v2\/posts"}],"about":[{"href":"https:\/\/www.fundacionmanantial.org\/en\/wp-json\/wp\/v2\/types\/post"}],"author":[{"embeddable":true,"href":"https:\/\/www.fundacionmanantial.org\/en\/wp-json\/wp\/v2\/users\/7"}],"replies":[{"embeddable":true,"href":"https:\/\/www.fundacionmanantial.org\/en\/wp-json\/wp\/v2\/comments?post=8531"}],"version-history":[{"count":7,"href":"https:\/\/www.fundacionmanantial.org\/en\/wp-json\/wp\/v2\/posts\/8531\/revisions"}],"predecessor-version":[{"id":8971,"href":"https:\/\/www.fundacionmanantial.org\/en\/wp-json\/wp\/v2\/posts\/8531\/revisions\/8971"}],"wp:featuredmedia":[{"embeddable":true,"href":"https:\/\/www.fundacionmanantial.org\/en\/wp-json\/wp\/v2\/media\/8785"}],"wp:attachment":[{"href":"https:\/\/www.fundacionmanantial.org\/en\/wp-json\/wp\/v2\/media?parent=8531"}],"wp:term":[{"taxonomy":"category","embeddable":true,"href":"https:\/\/www.fundacionmanantial.org\/en\/wp-json\/wp\/v2\/categories?post=8531"},{"taxonomy":"post_tag","embeddable":true,"href":"https:\/\/www.fundacionmanantial.org\/en\/wp-json\/wp\/v2\/tags?post=8531"}],"curies":[{"name":"wp","href":"https:\/\/api.w.org\/{rel}","templated":true}]}}