{"id":8524,"date":"2024-09-11T10:14:35","date_gmt":"2024-09-11T09:14:35","guid":{"rendered":"https:\/\/www.fundacionmanantial.org\/?p=8524"},"modified":"2024-09-18T07:45:03","modified_gmt":"2024-09-18T06:45:03","slug":"manantial-integra-farma-vuelve-a-farmaforum-2024-el-evento-clave-de-la-industria-farmaceutica-en-espana","status":"publish","type":"post","link":"https:\/\/www.fundacionmanantial.org\/en\/manantial-integra-farma-vuelve-a-farmaforum-2024-el-evento-clave-de-la-industria-farmaceutica-en-espana\/","title":{"rendered":"Manantial Integra Farma vuelve a Farmaforum 2024: el evento clave de la industria farmac\u00e9utica en Espa\u00f1a"},"content":{"rendered":"\n<p>Manantial Integra Farma estar\u00e1 presente nuevamente en <strong><a href=\"https:\/\/farmaforum.es\/farmaforum\/que-es-farmaforum\/\" target=\"_blank\" rel=\"noreferrer noopener\">Farmaforum 2024<\/a><\/strong>, el evento de referencia en el sector farmac\u00e9utico y biotecnol\u00f3gico de Espa\u00f1a, que se celebrar\u00e1 los d\u00edas <strong>25 y 26 de septiembre de 2024<\/strong> en el recinto ferial IFEMA, en Madrid. Esta feria, consolidada como una de las m\u00e1s importantes de la industria farmac\u00e9utica, qu\u00edmica y afines en el \u00e1mbito nacional, reunir\u00e1 a cientos de empresas y profesionales del sector, ofreciendo una plataforma ideal para el intercambio de conocimientos y la creaci\u00f3n de oportunidades de negocio.<\/p>\n\n\n\n<p>En su participaci\u00f3n en <strong>Farmaforum 2024<\/strong>, Manantial Integra Farma reafirma su compromiso con la inclusi\u00f3n laboral de personas con problemas de salud mental. Durante el evento, presentar\u00e1 sus servicios especializados en el sector, mostrando que contratar los servicios de Manantial Integra supone una pr\u00e1ctica de compras responsables y una medida alternativa al cumplimiento de la cuota del 2 % que establece la Ley General de Discapacidad.<\/p>\n\n\n\n<p>Farmaforum, que en 2024 celebra su d\u00e9cima edici\u00f3n, contar\u00e1 con una amplia oferta de conferencias, talleres y mesas redondas sobre las \u00faltimas novedades del sector. Adem\u00e1s, se espera la participaci\u00f3n de destacados expertos nacionales e internacionales que abordar\u00e1n temas cruciales para el futuro de la industria, como la innovaci\u00f3n en la fabricaci\u00f3n de medicamentos, el avance de la biotecnolog\u00eda y la sostenibilidad en el \u00e1mbito farmac\u00e9utico.<\/p>\n\n\n\n<p><a href=\"https:\/\/farma.manantialintegra.org\/\" target=\"_blank\" rel=\"noreferrer noopener\">Manantial Integra Farma<\/a> estar\u00e1 presente en el <strong>stand G37<\/strong> dentro del \u00e1rea de exposiciones. Este espacio brindar\u00e1 la oportunidad de dialogar con los profesionales de Manantial y explorar posibles v\u00edas de colaboraci\u00f3n dentro de un sector cada vez m\u00e1s comprometido con la responsabilidad social y la diversidad en el entorno laboral.<\/p>\n\n\n\n<p>Si formas parte de la industria farmac\u00e9utica o biotecnol\u00f3gica, <strong>Farmaforum 2024<\/strong> es una cita ineludible. No solo podr\u00e1s conocer las \u00faltimas tendencias y avances del sector, sino tambi\u00e9n descubrir iniciativas como la de Manantial Integra Farma, que est\u00e1n marcando la diferencia en t\u00e9rminos de inclusi\u00f3n y sostenibilidad.<\/p>\n\n\n\n<p><strong>Sobre Manantial Integra Farma<\/strong> <\/p>\n\n\n\n<p>El Centro Especial de Empleo Manantial Integra Farma es un laboratorio farmac\u00e9utico autorizado por la Agencia Espa\u00f1ola del Medicamento desde abril de 2008, para el acondicionamiento secundario y almacenamiento de productos farmac\u00e9uticos. Con sus 11 l\u00edneas de acondicionamiento, una m\u00e1xima flexibilidad y una gran capacidad de reacci\u00f3n, se ha situado en los \u00faltimos a\u00f1os como empresa l\u00edder en el sector de manipulados y acondicionamiento de cualquier producto o presentaci\u00f3n para el mercado farmac\u00e9utico, con el valor a\u00f1adido de ser un proyecto social que fomente la inclusi\u00f3n sociolaboral de las personas con problemas de salud mental.<\/p>\n","protected":false},"excerpt":{"rendered":"<p>Manantial Integra Farma estar\u00e1 presente nuevamente en Farmaforum 2024, el evento de referencia en el sector farmac\u00e9utico y biotecnol\u00f3gico de Espa\u00f1a, que se celebrar\u00e1 los d\u00edas 25 y 26 de septiembre de 2024 en el recinto ferial IFEMA, en Madrid. Esta feria, consolidada como una de las m\u00e1s importantes de la industria farmac\u00e9utica, qu\u00edmica y [&hellip;]<\/p>\n","protected":false},"author":7,"featured_media":8580,"comment_status":"closed","ping_status":"closed","sticky":false,"template":"","format":"standard","meta":{"_acf_changed":false,"give_campaign_id":0,"_seopress_robots_primary_cat":"none","_seopress_titles_title":"","_seopress_titles_desc":"","_seopress_robots_index":"","footnotes":""},"categories":[34,1,53],"tags":[],"class_list":["post-8524","post","type-post","status-publish","format-standard","has-post-thumbnail","hentry","category-noticias-fundacion-manantial","category-sin-categorizar","category-sin-categorizar-2"],"acf":[],"_links":{"self":[{"href":"https:\/\/www.fundacionmanantial.org\/en\/wp-json\/wp\/v2\/posts\/8524","targetHints":{"allow":["GET"]}}],"collection":[{"href":"https:\/\/www.fundacionmanantial.org\/en\/wp-json\/wp\/v2\/posts"}],"about":[{"href":"https:\/\/www.fundacionmanantial.org\/en\/wp-json\/wp\/v2\/types\/post"}],"author":[{"embeddable":true,"href":"https:\/\/www.fundacionmanantial.org\/en\/wp-json\/wp\/v2\/users\/7"}],"replies":[{"embeddable":true,"href":"https:\/\/www.fundacionmanantial.org\/en\/wp-json\/wp\/v2\/comments?post=8524"}],"version-history":[{"count":2,"href":"https:\/\/www.fundacionmanantial.org\/en\/wp-json\/wp\/v2\/posts\/8524\/revisions"}],"predecessor-version":[{"id":8528,"href":"https:\/\/www.fundacionmanantial.org\/en\/wp-json\/wp\/v2\/posts\/8524\/revisions\/8528"}],"wp:featuredmedia":[{"embeddable":true,"href":"https:\/\/www.fundacionmanantial.org\/en\/wp-json\/wp\/v2\/media\/8580"}],"wp:attachment":[{"href":"https:\/\/www.fundacionmanantial.org\/en\/wp-json\/wp\/v2\/media?parent=8524"}],"wp:term":[{"taxonomy":"category","embeddable":true,"href":"https:\/\/www.fundacionmanantial.org\/en\/wp-json\/wp\/v2\/categories?post=8524"},{"taxonomy":"post_tag","embeddable":true,"href":"https:\/\/www.fundacionmanantial.org\/en\/wp-json\/wp\/v2\/tags?post=8524"}],"curies":[{"name":"wp","href":"https:\/\/api.w.org\/{rel}","templated":true}]}}