{"id":8512,"date":"2024-09-10T11:58:45","date_gmt":"2024-09-10T10:58:45","guid":{"rendered":"https:\/\/www.fundacionmanantial.org\/?p=8512"},"modified":"2024-09-27T11:38:08","modified_gmt":"2024-09-27T10:38:08","slug":"fundacion-manantial-impulsa-la-reinsercion-social-y-la-salud-mental-a-traves-de-la-poesia-en-centros-penitenciarios","status":"publish","type":"post","link":"https:\/\/www.fundacionmanantial.org\/en\/fundacion-manantial-impulsa-la-reinsercion-social-y-la-salud-mental-a-traves-de-la-poesia-en-centros-penitenciarios\/","title":{"rendered":"Fundaci\u00f3n Manantial impulsa la reinserci\u00f3n social y la salud mental a trav\u00e9s de la poes\u00eda en centros penitenciarios"},"content":{"rendered":"\n<p>Guillermo Barreira, Vanessa Joly, Beatriz P\u00e9rez y Laura Cabrera, profesionales de Fundaci\u00f3n Manantial, han hablado en el programa &#8220;Hoy empieza todo&#8221; sobre reinserci\u00f3n, salud mental y poes\u00eda. Radio 3 se interes\u00f3 por nuestro taller de escritura creativa en los centros penitenciarios en los que trabajamos, una iniciativa que ya lleva dos a\u00f1os en funcionamiento y de la que est\u00e1n surgiendo reflexiones muy interesantes.<\/p>\n\n\n\n<figure class=\"wp-block-embed is-type-rich is-provider-twitter wp-block-embed-twitter\"><div class=\"wp-block-embed__wrapper\">\n<blockquote class=\"twitter-tweet\" data-width=\"500\" data-dnt=\"true\"><p lang=\"es\" dir=\"ltr\">Guillermo Barreira, Vanessa Joly, Beatriz P\u00e9rez, y Laura Cabrera han venido para hablarnos de reinserci\u00f3n, salud mental y poes\u00eda \u270d\ufe0f<br><br>Qu\u00e9 importantes es la labor de <a href=\"https:\/\/twitter.com\/FundManantial?ref_src=twsrc%5Etfw\">@FundManantial<\/a> <a href=\"https:\/\/t.co\/Tc5ollP60n\">pic.twitter.com\/Tc5ollP60n<\/a><\/p>&mdash; Hoy Empieza Todo (@HETradio3) <a href=\"https:\/\/twitter.com\/HETradio3\/status\/1833402814078312702?ref_src=twsrc%5Etfw\">September 10, 2024<\/a><\/blockquote><script async src=\"https:\/\/platform.twitter.com\/widgets.js\" charset=\"utf-8\"><\/script>\n<\/div><\/figure>\n\n\n\n<p><strong>Escritura creativa en el Centro Penitenciario de Valdemoro<\/strong><\/p>\n\n\n\n<p>El pasado 12 de junio, Beatriz P\u00e9rez, del&nbsp;<strong><a href=\"https:\/\/www.fundacionmanantial.org\/servicios-de-salud-mental\/ambito-penitenciario\/\" target=\"_blank\" rel=\"noreferrer noopener\">Servicio de apoyo a la reinserci\u00f3n social<\/a> <\/strong>desde el<strong> \u00e1mbito penitenciario<\/strong> de Fundaci\u00f3n Manantial, fue reuniendo por los diferentes m\u00f3dulos del <strong>Centro Penitenciario de Valdemoro<\/strong> a todas las&nbsp;personas interesadas en formar parte de un grupo de <strong>escritura<\/strong>.<\/p>\n\n\n\n<p>&#8220;En la c\u00e1rcel, las personas se construyen en torno al delito, a lo que han hecho mal en la vida, y poder ver m\u00e1s all\u00e1 de eso, cuesta. <strong>La escritura es una gran oportunidad para pensarse a uno mismo, a una misma, desde otro lugar<\/strong>, desde lo que te apasiona, desde tus recuerdos de la infancia, de qui\u00e9n eres m\u00e1s all\u00e1 de lo que te ha llevado a estar ah\u00ed&#8221;, explica Laura Cabrera, terapeuta ocupacional de Fundaci\u00f3n Manantial.<\/p>\n\n\n\n<p><strong>Un espacio para la reflexi\u00f3n<\/strong><\/p>\n\n\n\n<p>&#8220;Llegamos a la biblioteca, un sitio bastante bonito y tranquilo dentro del caos.&nbsp;<strong>Nos presentamos usando un hilo<\/strong>, tejiendo una especie de red alrededor de la mesa y escuchando lo que el resto ten\u00eda que decir de s\u00ed mismo.&nbsp;(&#8230;) Y cuando el ambiente se volvi\u00f3 suficientemente confiable,&nbsp;<strong>empezamos a escribir poes\u00eda<\/strong>.&nbsp;<strong>\u201cPoes\u00eda identitaria\u201d<\/strong>.&nbsp;<strong>Escribimos sobre lugares que guardan buenos recuerdos, sobre comidas favoritas con detalle, relatando hasta el olor y qui\u00e9n la cocinaba.<\/strong>&nbsp;Se nombraron&nbsp;<strong>sue\u00f1os por cumplir, motivos de enfado, aprendizajes, canciones que escuchamos en bucle<\/strong>. La idea era ofrecer&nbsp;<strong>un espacio para parar y pensarse<\/strong>. Para conectar con lo que te hace ser qui\u00e9n eres, que no es tarea f\u00e1cil. (&#8230;.) Pudimos hablar de&nbsp;<strong>la importancia de los v\u00ednculos, y de c\u00f3mo algunos nos destruyen, pero otros nos salvan<\/strong>&#8220;. <\/p>\n\n\n\n<p><strong>Un taller que cambia<\/strong><\/p>\n\n\n\n<p><strong>&#8220;Ni esto es magia ni vamos a cambiar el mundo con un taller puntual de escritura<\/strong>, pero s\u00ed que quiero rescatar que ese d\u00eda, muchas personas descubrimos algo nuevo de otras.<strong>&nbsp;<\/strong>Y eso ya es m\u00e1s que suficiente. Incluso <strong>hay personas que descubrieron algo nuevo de s\u00ed mismas<\/strong>. O que hab\u00edan encontrado en la escritura ese algo &#8216;que se les da bien&#8217; y que iban a recurrir a ella m\u00e1s a menudo&#8221;, cuenta Laura.<\/p>\n\n\n\n<p><strong><a href=\"https:\/\/www.rtve.es\/play\/audios\/hoy-empieza-todo-1\/hoy-empieza-todo-versos-redencion-fundacion-manantial-10-09-2024\/16242507\/\" target=\"_blank\" rel=\"noreferrer noopener\">Escucha la entrevista completa<\/a><\/strong><\/p>\n\n\n\n<p><strong>Conocer m\u00e1s sobre la experiencia <\/strong><\/p>\n\n\n\n<figure class=\"wp-block-embed is-type-wp-embed is-provider-fundaci-n-manantial wp-block-embed-fundaci-n-manantial\"><div class=\"wp-block-embed__wrapper\">\n<blockquote class=\"wp-embedded-content\" data-secret=\"6uhAQ7KWL3\"><a href=\"https:\/\/www.fundacionmanantial.org\/poesia-identitaria-en-centros-penitenciarios-de-madrid\/\">Poes\u00eda identitaria en Centros Penitenciarios de Madrid<\/a><\/blockquote><iframe class=\"wp-embedded-content\" sandbox=\"allow-scripts\" security=\"restricted\" style=\"position: absolute; visibility: hidden;\" title=\"\u00abPoes\u00eda identitaria en Centros Penitenciarios de Madrid\u00bb \u2014 Fundaci\u00f3n Manantial\" src=\"https:\/\/www.fundacionmanantial.org\/poesia-identitaria-en-centros-penitenciarios-de-madrid\/embed\/#?secret=h2epLY8fJ2#?secret=6uhAQ7KWL3\" data-secret=\"6uhAQ7KWL3\" width=\"500\" height=\"282\" frameborder=\"0\" marginwidth=\"0\" marginheight=\"0\" scrolling=\"no\"><\/iframe>\n<\/div><\/figure>\n","protected":false},"excerpt":{"rendered":"<p>Guillermo Barreira, Vanessa Joly, Beatriz P\u00e9rez y Laura Cabrera, profesionales de Fundaci\u00f3n Manantial, han hablado en el programa &#8220;Hoy empieza todo&#8221; sobre reinserci\u00f3n, salud mental y poes\u00eda. Radio 3 se interes\u00f3 por nuestro taller de escritura creativa en los centros penitenciarios en los que trabajamos, una iniciativa que ya lleva dos a\u00f1os en funcionamiento y [&hellip;]<\/p>\n","protected":false},"author":7,"featured_media":8522,"comment_status":"closed","ping_status":"closed","sticky":false,"template":"","format":"standard","meta":{"_acf_changed":false,"give_campaign_id":0,"_seopress_robots_primary_cat":"none","_seopress_titles_title":"Fundaci\u00f3n Manantial impulsa la reinserci\u00f3n social y la salud mental a trav\u00e9s de la poes\u00eda en centros penitenciarios","_seopress_titles_desc":"\"Fundaci\u00f3n Manantial impulsa la reinserci\u00f3n social y la salud mental en centros penitenciarios a trav\u00e9s de la poes\u00eda, creando espacios de reflexi\u00f3n y expresi\u00f3n para personas privadas de libertad.\"","_seopress_robots_index":"","footnotes":""},"categories":[34,1],"tags":[],"class_list":["post-8512","post","type-post","status-publish","format-standard","has-post-thumbnail","hentry","category-noticias-fundacion-manantial","category-sin-categorizar"],"acf":[],"_links":{"self":[{"href":"https:\/\/www.fundacionmanantial.org\/en\/wp-json\/wp\/v2\/posts\/8512","targetHints":{"allow":["GET"]}}],"collection":[{"href":"https:\/\/www.fundacionmanantial.org\/en\/wp-json\/wp\/v2\/posts"}],"about":[{"href":"https:\/\/www.fundacionmanantial.org\/en\/wp-json\/wp\/v2\/types\/post"}],"author":[{"embeddable":true,"href":"https:\/\/www.fundacionmanantial.org\/en\/wp-json\/wp\/v2\/users\/7"}],"replies":[{"embeddable":true,"href":"https:\/\/www.fundacionmanantial.org\/en\/wp-json\/wp\/v2\/comments?post=8512"}],"version-history":[{"count":3,"href":"https:\/\/www.fundacionmanantial.org\/en\/wp-json\/wp\/v2\/posts\/8512\/revisions"}],"predecessor-version":[{"id":8648,"href":"https:\/\/www.fundacionmanantial.org\/en\/wp-json\/wp\/v2\/posts\/8512\/revisions\/8648"}],"wp:featuredmedia":[{"embeddable":true,"href":"https:\/\/www.fundacionmanantial.org\/en\/wp-json\/wp\/v2\/media\/8522"}],"wp:attachment":[{"href":"https:\/\/www.fundacionmanantial.org\/en\/wp-json\/wp\/v2\/media?parent=8512"}],"wp:term":[{"taxonomy":"category","embeddable":true,"href":"https:\/\/www.fundacionmanantial.org\/en\/wp-json\/wp\/v2\/categories?post=8512"},{"taxonomy":"post_tag","embeddable":true,"href":"https:\/\/www.fundacionmanantial.org\/en\/wp-json\/wp\/v2\/tags?post=8512"}],"curies":[{"name":"wp","href":"https:\/\/api.w.org\/{rel}","templated":true}]}}