{"id":8384,"date":"2024-08-22T12:23:29","date_gmt":"2024-08-22T11:23:29","guid":{"rendered":"https:\/\/www.fundacionmanantial.org\/?p=8384"},"modified":"2024-08-22T12:46:30","modified_gmt":"2024-08-22T11:46:30","slug":"descubre-nuestro-nuevo-boletin-manantial-en-la-comunidad-septiembre-2024","status":"publish","type":"post","link":"https:\/\/www.fundacionmanantial.org\/en\/descubre-nuestro-nuevo-boletin-manantial-en-la-comunidad-septiembre-2024\/","title":{"rendered":"Descubre nuestro nuevo bolet\u00edn \u00abManantial en la Comunidad\u00bb \u2013 septiembre 2024"},"content":{"rendered":"\n<h3 class=\"wp-block-heading\" id=\"brxe-dacmik\">\ud83d\udce2 \u00a1Ya est\u00e1 aqu\u00ed el nuevo bolet\u00edn \u00abManantial en la Comunidad\u00bb con las \u00faltimas novedades y actividades con las que promovemos la inclusi\u00f3n y el bienestar de las personas con problemas de salud mental en la comunidad.<\/h3>\n\n\n\n<p>Nuestro trabajo no se entender\u00eda sin la colaboraci\u00f3n y participaci\u00f3n en red. En este n\u00famero de septiembre 2024, te invitamos a descubrir nuestros eventos y proyectos:<\/p>\n\n\n\n<ul class=\"wp-block-list\">\n<li><strong>Terapia con perros<\/strong>\ud83d\udc15: comprobamos c\u00f3mo la presencia\u00a0de\u00a0animales\u00a0de\u00a0compa\u00f1\u00eda mejora la eficacia\u00a0de\u00a0las\u00a0terapias, la salud mental\u00a0y el bienestar\u00a0de\u00a0las personas atendidas.<\/li>\n\n\n\n<li><strong>Jornadas en las que damos voz a las personas usuarias \ud83c\udfa4:\u00a0<\/strong>espacios que dan visibilidad y voz a la realidad social en la viven las personas con problemas de salud mental.<\/li>\n\n\n\n<li><strong>Voluntariado contra la soledad no deseada \ud83e\udec2<\/strong>:\u00a0nuestra colaboraci\u00f3n con personas mayores a trav\u00e9s de la m\u00fasica.<\/li>\n\n\n\n<li><strong>Visitas dialogadas a exposiciones de arte \ud83d\uddbc\ufe0f<\/strong>:\u00a0un momento para pensar y dialogar sobre diferentes temas a trav\u00e9s del arte contempor\u00e1neo.<\/li>\n<\/ul>\n\n\n\n<p>En Fundaci\u00f3n Manantial, creemos que la colaboraci\u00f3n y la participaci\u00f3n en red son fundamentales para nuestra misi\u00f3n. Trabajamos incansablemente por la inclusi\u00f3n y el apoyo a personas con problemas de salud mental, y este bolet\u00edn es una muestra de nuestro compromiso.<\/p>\n\n\n\n<p><strong>Lee el bolet\u00edn completo aqu\u00ed:<\/strong>\u00a0<a href=\"https:\/\/www.fundacionmanantial.org\/wp-content\/uploads\/2024\/08\/Boletin-Manantial-en-la-comunidad-Septiembre-2024.pdf\" target=\"_blank\" rel=\"noreferrer noopener\">\u00abManantial en la Comunidad \u2013 Septiembre 2024\u00bb<\/a><\/p>\n\n\n\n<p>Mantente al tanto de todas nuestras actividades y \u00fanete a nosotros en la construcci\u00f3n de una comunidad m\u00e1s inclusiva y solidaria. \u00a1No te lo pierdas!<\/p>\n","protected":false},"excerpt":{"rendered":"<p>\ud83d\udce2 \u00a1Ya est\u00e1 aqu\u00ed el nuevo bolet\u00edn \u00abManantial en la Comunidad\u00bb con las \u00faltimas novedades y actividades con las que promovemos la inclusi\u00f3n y el bienestar de las personas con problemas de salud mental en la comunidad. Nuestro trabajo no se entender\u00eda sin la colaboraci\u00f3n y participaci\u00f3n en red. En este n\u00famero de septiembre 2024, [&hellip;]<\/p>\n","protected":false},"author":7,"featured_media":8389,"comment_status":"closed","ping_status":"closed","sticky":false,"template":"","format":"standard","meta":{"_acf_changed":false,"give_campaign_id":0,"_seopress_robots_primary_cat":"none","_seopress_titles_title":"","_seopress_titles_desc":"","_seopress_robots_index":"","footnotes":""},"categories":[34,1],"tags":[60,107,85,242,61,64,65,180,111],"class_list":["post-8384","post","type-post","status-publish","format-standard","has-post-thumbnail","hentry","category-noticias-fundacion-manantial","category-sin-categorizar","tag-empleo","tag-estigma","tag-fundacion-manantial","tag-fundacionmanantial","tag-inclusion","tag-recuperacion","tag-salud-mental","tag-saludmental","tag-sensibilizacion"],"acf":[],"_links":{"self":[{"href":"https:\/\/www.fundacionmanantial.org\/en\/wp-json\/wp\/v2\/posts\/8384","targetHints":{"allow":["GET"]}}],"collection":[{"href":"https:\/\/www.fundacionmanantial.org\/en\/wp-json\/wp\/v2\/posts"}],"about":[{"href":"https:\/\/www.fundacionmanantial.org\/en\/wp-json\/wp\/v2\/types\/post"}],"author":[{"embeddable":true,"href":"https:\/\/www.fundacionmanantial.org\/en\/wp-json\/wp\/v2\/users\/7"}],"replies":[{"embeddable":true,"href":"https:\/\/www.fundacionmanantial.org\/en\/wp-json\/wp\/v2\/comments?post=8384"}],"version-history":[{"count":3,"href":"https:\/\/www.fundacionmanantial.org\/en\/wp-json\/wp\/v2\/posts\/8384\/revisions"}],"predecessor-version":[{"id":8393,"href":"https:\/\/www.fundacionmanantial.org\/en\/wp-json\/wp\/v2\/posts\/8384\/revisions\/8393"}],"wp:featuredmedia":[{"embeddable":true,"href":"https:\/\/www.fundacionmanantial.org\/en\/wp-json\/wp\/v2\/media\/8389"}],"wp:attachment":[{"href":"https:\/\/www.fundacionmanantial.org\/en\/wp-json\/wp\/v2\/media?parent=8384"}],"wp:term":[{"taxonomy":"category","embeddable":true,"href":"https:\/\/www.fundacionmanantial.org\/en\/wp-json\/wp\/v2\/categories?post=8384"},{"taxonomy":"post_tag","embeddable":true,"href":"https:\/\/www.fundacionmanantial.org\/en\/wp-json\/wp\/v2\/tags?post=8384"}],"curies":[{"name":"wp","href":"https:\/\/api.w.org\/{rel}","templated":true}]}}