{"id":8343,"date":"2024-08-07T07:35:42","date_gmt":"2024-08-07T06:35:42","guid":{"rendered":"https:\/\/www.fundacionmanantial.org\/?p=8343"},"modified":"2024-08-13T11:13:18","modified_gmt":"2024-08-13T10:13:18","slug":"servicio-de-apoyo-a-la-reinsercion-social-impacto-y-crecimiento-en-el-primer-semestre-de-2024","status":"publish","type":"post","link":"https:\/\/www.fundacionmanantial.org\/en\/servicio-de-apoyo-a-la-reinsercion-social-impacto-y-crecimiento-en-el-primer-semestre-de-2024\/","title":{"rendered":"Servicio de Apoyo a la Reinserci\u00f3n Social: impacto y crecimiento en el primer semestre de 2024"},"content":{"rendered":"\n<p>Cerramos, un a\u00f1o m\u00e1s, un semestre con muy buenos resultados en nuestro <a href=\"https:\/\/www.fundacionmanantial.org\/servicios-de-salud-mental\/ambito-penitenciario\/\" target=\"_blank\" rel=\"noreferrer noopener\">Servicio de Apoyo a la Reinserci\u00f3n Social<\/a> que se traduce en un gran impacto social.<\/p>\n\n\n\n<p>En los primeros seis meses de 2024, el Servicio ha logrado un notable crecimiento en la atenci\u00f3n y apoyo a personas en situaci\u00f3n de vulnerabilidad. Con un <strong>aumento del 16% en el n\u00famero total de personas atendidas<\/strong> respecto al a\u00f1o anterior, subrayamos los logros alcanzados en diversas \u00e1reas clave.<\/p>\n\n\n\n<p><strong>Atenci\u00f3n a la poblaci\u00f3n vulnerable<\/strong><\/p>\n\n\n\n<p>Hemos atendido a <strong>94 personas<\/strong> en el primer semestre, lo que representa un incremento significativo respecto a 2023. De estas, <strong>25 fueron mujeres<\/strong>, lo que refleja un aumento del 19% en la atenci\u00f3n a mujeres en comparaci\u00f3n con el a\u00f1o anterior. Tambi\u00e9n se ha puesto en marcha un <strong>programa de atenci\u00f3n a personas con problemas de salud mental extranjeras privadas de libertad<\/strong> de la mano de <a href=\"https:\/\/progestion.org\/quienes-somos\/\" target=\"_blank\" rel=\"noreferrer noopener\">Asociaci\u00f3n Progesti\u00f3n<\/a> en la que se ha ofrecido asistencia a 11 personas. Adem\u00e1s, hemos atendido a 16 en el programa de <strong>Vivienda Puente<\/strong> y a 19 en el <strong><a href=\"https:\/\/incorpora.fundacionlacaixa.org\/ca\/reincorpora\" target=\"_blank\" rel=\"noreferrer noopener\">programa ReIncorpora<\/a><\/strong>, enfocado en la inclusi\u00f3n laboral de personas que han estado en prisi\u00f3n.<\/p>\n\n\n\n<p><strong>Crecimiento financiero y proyectos innovadores<\/strong><\/p>\n\n\n\n<p>El crecimiento tambi\u00e9n se observa en el \u00e1mbito financiero, con un aumento del 12% en los fondos recaudados, alcanzando los 124.441,02 euros. Este incremento ha permitido la realizaci\u00f3n de <strong>105 acompa\u00f1amientos fuera de prisi\u00f3n<\/strong> para la vinculaci\u00f3n a recursos sociales y sanitarios, as\u00ed como la ejecuci\u00f3n de <strong>seis proyectos innovadores<\/strong> dentro del programa Quid Pro Quo, entre los que destacan <strong>talleres de boxeo, cocina y escritura creativa<\/strong>, dirigidos por profesionales reconocidos, como las boxeadoras <a href=\"https:\/\/www.instagram.com\/miriamlareina83\/\" target=\"_blank\" rel=\"noreferrer noopener\">Miriam Guti\u00e9rrez<\/a> y <a href=\"https:\/\/www.instagram.com\/mariagon97\/\" target=\"_blank\" rel=\"noreferrer noopener\">Mar\u00eda Gonz\u00e1lez<\/a>, y el <a href=\"https:\/\/www.instagram.com\/p\/C68rHItKJpA\/\" target=\"_blank\" rel=\"noreferrer noopener\">cocinero Sergio Fern\u00e1ndez<\/a>.<\/p>\n\n\n\n<p><strong>Compromiso continuo y nuevas iniciativas<\/strong><\/p>\n\n\n\n<p>El Servicio contin\u00faa su compromiso con la mejora de la calidad de vida de las personas atendidas, con programas que buscan su <strong>inclusi\u00f3n y reinserci\u00f3n social y laboral<\/strong>.<\/p>\n\n\n\n<figure class=\"wp-block-embed is-type-video is-provider-youtube wp-block-embed-youtube wp-embed-aspect-16-9 wp-has-aspect-ratio\"><div class=\"wp-block-embed__wrapper\">\n<iframe title=\"Cerramos un semestre brutal en el Servicio de Apoyo a la Reinserci\u00f3n Social - Fundaci\u00f3n Manantial\" width=\"500\" height=\"281\" src=\"https:\/\/www.youtube.com\/embed\/hvCPaQKb3Eo?feature=oembed\" frameborder=\"0\" allow=\"accelerometer; autoplay; clipboard-write; encrypted-media; gyroscope; picture-in-picture; web-share\" referrerpolicy=\"strict-origin-when-cross-origin\" allowfullscreen><\/iframe>\n<\/div><\/figure>\n","protected":false},"excerpt":{"rendered":"<p>Cerramos, un a\u00f1o m\u00e1s, un semestre con muy buenos resultados en nuestro Servicio de Apoyo a la Reinserci\u00f3n Social que se traduce en un gran impacto social. En los primeros seis meses de 2024, el Servicio ha logrado un notable crecimiento en la atenci\u00f3n y apoyo a personas en situaci\u00f3n de vulnerabilidad. Con un aumento [&hellip;]<\/p>\n","protected":false},"author":7,"featured_media":8348,"comment_status":"closed","ping_status":"closed","sticky":false,"template":"","format":"standard","meta":{"_acf_changed":false,"give_campaign_id":0,"_seopress_robots_primary_cat":"none","_seopress_titles_title":"","_seopress_titles_desc":"","_seopress_robots_index":"","footnotes":""},"categories":[34,1,53],"tags":[60,107,84,85,242,61,64,65,180,111],"class_list":["post-8343","post","type-post","status-publish","format-standard","has-post-thumbnail","hentry","category-noticias-fundacion-manantial","category-sin-categorizar","category-sin-categorizar-2","tag-empleo","tag-estigma","tag-formacion","tag-fundacion-manantial","tag-fundacionmanantial","tag-inclusion","tag-recuperacion","tag-salud-mental","tag-saludmental","tag-sensibilizacion"],"acf":[],"_links":{"self":[{"href":"https:\/\/www.fundacionmanantial.org\/en\/wp-json\/wp\/v2\/posts\/8343","targetHints":{"allow":["GET"]}}],"collection":[{"href":"https:\/\/www.fundacionmanantial.org\/en\/wp-json\/wp\/v2\/posts"}],"about":[{"href":"https:\/\/www.fundacionmanantial.org\/en\/wp-json\/wp\/v2\/types\/post"}],"author":[{"embeddable":true,"href":"https:\/\/www.fundacionmanantial.org\/en\/wp-json\/wp\/v2\/users\/7"}],"replies":[{"embeddable":true,"href":"https:\/\/www.fundacionmanantial.org\/en\/wp-json\/wp\/v2\/comments?post=8343"}],"version-history":[{"count":3,"href":"https:\/\/www.fundacionmanantial.org\/en\/wp-json\/wp\/v2\/posts\/8343\/revisions"}],"predecessor-version":[{"id":8360,"href":"https:\/\/www.fundacionmanantial.org\/en\/wp-json\/wp\/v2\/posts\/8343\/revisions\/8360"}],"wp:featuredmedia":[{"embeddable":true,"href":"https:\/\/www.fundacionmanantial.org\/en\/wp-json\/wp\/v2\/media\/8348"}],"wp:attachment":[{"href":"https:\/\/www.fundacionmanantial.org\/en\/wp-json\/wp\/v2\/media?parent=8343"}],"wp:term":[{"taxonomy":"category","embeddable":true,"href":"https:\/\/www.fundacionmanantial.org\/en\/wp-json\/wp\/v2\/categories?post=8343"},{"taxonomy":"post_tag","embeddable":true,"href":"https:\/\/www.fundacionmanantial.org\/en\/wp-json\/wp\/v2\/tags?post=8343"}],"curies":[{"name":"wp","href":"https:\/\/api.w.org\/{rel}","templated":true}]}}