{"id":8338,"date":"2024-08-21T10:18:16","date_gmt":"2024-08-21T09:18:16","guid":{"rendered":"https:\/\/www.fundacionmanantial.org\/?p=8338"},"modified":"2024-09-27T11:38:57","modified_gmt":"2024-09-27T10:38:57","slug":"luciernagas-de-fundacion-manantial-y-lopezli-films-seleccionado-en-el-concurso-de-cortometrajes-k-lidoscopi-de-cullera","status":"publish","type":"post","link":"https:\/\/www.fundacionmanantial.org\/en\/luciernagas-de-fundacion-manantial-y-lopezli-films-seleccionado-en-el-concurso-de-cortometrajes-k-lidoscopi-de-cullera\/","title":{"rendered":"&#8220;Luci\u00e9rnagas&#8221;, de Fundaci\u00f3n Manantial y LopezLi Films, seleccionado en el concurso de Cortometrajes K-Lidoscopi de Cullera"},"content":{"rendered":"\n<p>El cortometraje documental <strong>&#8220;<a href=\"https:\/\/www.fundacionmanantial.org\/luciernagas-seleccionado-en-el-certamen-fimmer-festival-internacional-de-mediometrajes-de-manzanares-el-real\/\" target=\"_blank\" rel=\"noreferrer noopener\">Luci\u00e9rnagas<\/a>&#8220;<\/strong>, una coproducci\u00f3n de <strong>Fundaci\u00f3n Manantial<\/strong> y <a href=\"https:\/\/lopezlifilms.com\/\" target=\"_blank\" rel=\"noreferrer noopener\">LopezLi Films<\/a>, ha sido seleccionado para participar en el <a href=\"http:\/\/festival.k-lidoscopi.com\/festival\/\" target=\"_blank\" rel=\"noreferrer noopener\"><strong>Concurso de Cortometrajes K-Lidoscopi<\/strong><\/a>, que se celebrar\u00e1 del <strong>16 al 20 de octubre en Cullera<\/strong>. Este festival, uno de los 45 cert\u00e1menes en Espa\u00f1a reconocidos como calificadores para los <strong>Premios Goya<\/strong>, brinda una plataforma de gran relevancia para cineastas nacionales e internacionales.<\/p>\n\n\n\n<p>El <strong>K-Lidoskopi<\/strong> es un evento destacado en el calendario cinematogr\u00e1fico, conocido por ser un punto de encuentro para las nuevas voces del cine. Este festival incluye tres categor\u00edas principales: <strong>Ficci\u00f3n, Animaci\u00f3n y Documental<\/strong>, ofreciendo un escaparate diverso para diferentes formatos y estilos narrativos.<\/p>\n\n\n\n<p><strong>&#8220;Luci\u00e9rnagas&#8221;<\/strong>, que <a href=\"https:\/\/www.fundacionmanantial.org\/fundacion-manantial-presenta-luciernagas-un-cortometraje-documental-para-concienciar-sobre-la-inclusion-de-las-personas-con-problemas-de-salud-mental\/\" target=\"_blank\" rel=\"noreferrer noopener\">se present\u00f3 en diciembre de 2023 ante una audiencia de 200 personas en la Sala Azcona de Cineteca Madrid<\/a>, con el apoyo del Ayuntamiento de Madrid y Madrid Destino, <strong>ofrece una visi\u00f3n innovadora y profundamente humana sobre las personas con problemas graves de salud mental<\/strong>. El documental muestra las <strong>historias de personas que, como luci\u00e9rnagas, luchan por ser vistas, aceptadas e integradas en una sociedad que a menudo los margina.<\/strong><\/p>\n\n\n\n<p>Este corto no solo representa un importante avance en la <strong>concienciaci\u00f3n sobre la salud mental<\/strong>, sino que tambi\u00e9n destaca por su enfoque visual y narrativo. <strong>&#8220;Luci\u00e9rnagas&#8221;<\/strong> invita al p\u00fablico a reflexionar sobre la realidad de quienes viven con sufrimiento mental, ofreciendo una perspectiva que desaf\u00eda los estigmas y promueve la empat\u00eda.<\/p>\n\n\n\n<p>Durante toda la semana del festival, la ciudad de <strong>Cullera<\/strong> se convertir\u00e1 en un punto de referencia para el cine espa\u00f1ol, recibiendo a destacadas figuras del cine y la televisi\u00f3n nacional. Esta ser\u00e1 una excelente oportunidad para que <strong>&#8220;Luci\u00e9rnagas&#8221;<\/strong> alcance una audiencia m\u00e1s amplia y compita en los Premios Goya.<\/p>\n\n\n\n<p>El Concurso de Cortometrajes K-Lidoskopi se consolida como un escenario fundamental para descubrir nuevas propuestas cinematogr\u00e1ficas y reconocer el talento emergente en la industria.<\/p>\n","protected":false},"excerpt":{"rendered":"<p>El cortometraje documental &#8220;Luci\u00e9rnagas&#8220;, una coproducci\u00f3n de Fundaci\u00f3n Manantial y LopezLi Films, ha sido seleccionado para participar en el Concurso de Cortometrajes K-Lidoscopi, que se celebrar\u00e1 del 16 al 20 de octubre en Cullera. Este festival, uno de los 45 cert\u00e1menes en Espa\u00f1a reconocidos como calificadores para los Premios Goya, brinda una plataforma de gran [&hellip;]<\/p>\n","protected":false},"author":7,"featured_media":8380,"comment_status":"closed","ping_status":"closed","sticky":false,"template":"","format":"standard","meta":{"_acf_changed":false,"give_campaign_id":0,"_seopress_robots_primary_cat":"none","_seopress_titles_title":"\"Luci\u00e9rnagas\", de Fundaci\u00f3n Manantial y LopezLi Films, seleccionado en el concurso de Cortometrajes K-Lidoscopi","_seopress_titles_desc":"El cortometraje 'Luci\u00e9rnagas' de Fundaci\u00f3n Manantial y L\u00f3pezli Films ha sido seleccionado en el concurso de cortometrajes K-Lidoscopi de Cullera, destacando la importancia de la salud mental a trav\u00e9s del arte.","_seopress_robots_index":"","footnotes":""},"categories":[34,1],"tags":[],"class_list":["post-8338","post","type-post","status-publish","format-standard","has-post-thumbnail","hentry","category-noticias-fundacion-manantial","category-sin-categorizar"],"acf":[],"_links":{"self":[{"href":"https:\/\/www.fundacionmanantial.org\/en\/wp-json\/wp\/v2\/posts\/8338","targetHints":{"allow":["GET"]}}],"collection":[{"href":"https:\/\/www.fundacionmanantial.org\/en\/wp-json\/wp\/v2\/posts"}],"about":[{"href":"https:\/\/www.fundacionmanantial.org\/en\/wp-json\/wp\/v2\/types\/post"}],"author":[{"embeddable":true,"href":"https:\/\/www.fundacionmanantial.org\/en\/wp-json\/wp\/v2\/users\/7"}],"replies":[{"embeddable":true,"href":"https:\/\/www.fundacionmanantial.org\/en\/wp-json\/wp\/v2\/comments?post=8338"}],"version-history":[{"count":3,"href":"https:\/\/www.fundacionmanantial.org\/en\/wp-json\/wp\/v2\/posts\/8338\/revisions"}],"predecessor-version":[{"id":8649,"href":"https:\/\/www.fundacionmanantial.org\/en\/wp-json\/wp\/v2\/posts\/8338\/revisions\/8649"}],"wp:featuredmedia":[{"embeddable":true,"href":"https:\/\/www.fundacionmanantial.org\/en\/wp-json\/wp\/v2\/media\/8380"}],"wp:attachment":[{"href":"https:\/\/www.fundacionmanantial.org\/en\/wp-json\/wp\/v2\/media?parent=8338"}],"wp:term":[{"taxonomy":"category","embeddable":true,"href":"https:\/\/www.fundacionmanantial.org\/en\/wp-json\/wp\/v2\/categories?post=8338"},{"taxonomy":"post_tag","embeddable":true,"href":"https:\/\/www.fundacionmanantial.org\/en\/wp-json\/wp\/v2\/tags?post=8338"}],"curies":[{"name":"wp","href":"https:\/\/api.w.org\/{rel}","templated":true}]}}