{"id":8310,"date":"2024-08-01T12:36:36","date_gmt":"2024-08-01T11:36:36","guid":{"rendered":"https:\/\/www.fundacionmanantial.org\/?p=8310"},"modified":"2024-08-01T12:58:40","modified_gmt":"2024-08-01T11:58:40","slug":"informe-semestral-de-comunicacion-impacto-y-alcance-de-nuestras-acciones-en-el-primer-semestre-de-2024","status":"publish","type":"post","link":"https:\/\/www.fundacionmanantial.org\/en\/informe-semestral-de-comunicacion-impacto-y-alcance-de-nuestras-acciones-en-el-primer-semestre-de-2024\/","title":{"rendered":"Informe semestral de comunicaci\u00f3n: impacto y alcance de nuestras acciones en el primer semestre de 2024"},"content":{"rendered":"\n<h3 class=\"wp-block-heading\">En el primer semestre de 2024, hemos logrado resultados significativos en nuestras estrategias de comunicaci\u00f3n. Estos logros no solo reflejan el esfuerzo dedicado a posicionar temas cruciales en la agenda medi\u00e1tica, sino tambi\u00e9n la relevancia de las iniciativas que hemos lanzado. A continuaci\u00f3n, detallamos los principales indicadores de rendimiento en t\u00e9rminos de impacto medi\u00e1tico, audiencia y valor publicitario.<\/h3>\n\n\n\n<h4 class=\"wp-block-heading\">Impactos en medios de comunicaci\u00f3n: 278 menciones en medios relevantes<\/h4>\n\n\n\n<p>Durante los primeros seis meses del a\u00f1o, nuestras actividades y proyectos han generado <strong>278 impactos<\/strong> en medios de comunicaci\u00f3n. Estas menciones han sido clave para amplificar la concienciaci\u00f3n sobre los problemas de salud mental y aumentar la visibilidad de nuestras campa\u00f1as y eventos.<\/p>\n\n\n\n<h4 class=\"wp-block-heading\">Alcance de audiencia: m\u00e1s de 44 millones de personas<\/h4>\n\n\n\n<p>Gracias a la cobertura medi\u00e1tica obtenida, hemos alcanzado una audiencia acumulada de <strong>44.175.832 personas<\/strong>, todo un \u00e9xito.<\/p>\n\n\n\n<h4 class=\"wp-block-heading\">Valor Publicitario Equivalente (VPE): m\u00e1s de 1 mill\u00f3n de euros<\/h4>\n\n\n\n<p>El <strong>Valor Publicitario Equivalente (VPE)<\/strong> obtenido en este semestre asciende a <strong>1.143.397 euros<\/strong>. Este indicador cuantifica el valor econ\u00f3mico de la cobertura medi\u00e1tica lograda, compar\u00e1ndolo con lo que costar\u00eda obtener la misma exposici\u00f3n a trav\u00e9s de publicidad pagada.<\/p>\n\n\n\n<h4 class=\"wp-block-heading\">Temas m\u00e1s destacados en medios<\/h4>\n\n\n\n<p>Los temas que han captado mayor atenci\u00f3n medi\u00e1tica han sido:<\/p>\n\n\n\n<ol class=\"wp-block-list\">\n<li><strong><a href=\"https:\/\/www.fundacionmanantial.org\/3-000-corredores-se-unen-a-la-12a-carrera-de-fundacion-manantial-por-la-salud-mental\/\" target=\"_blank\" rel=\"noreferrer noopener\">Carrera por la Salud Mental<\/a><\/strong>, un evento clave para visibilizar la importancia del bienestar mental en la sociedad, que logr\u00f3 reunir a m\u00e1s de 3.000 personas recorriendo las calles m\u00e1s emblem\u00e1ticas de Madrid.<\/li>\n\n\n\n<li><strong>Informe &#8220;<a href=\"https:\/\/www.fundacionmanantial.org\/informe-rayadas-la-salud-mental-de-la-poblacion-joven-en-espana\/\" target=\"_blank\" rel=\"noreferrer noopener\">#Rayadas: La salud mental de las personas j\u00f3venes en Espa\u00f1a<\/a>&#8220;<\/strong>, una investigaci\u00f3n que re\u00fane las voces de varios cientos de j\u00f3venes que compartieron sus experiencias e ideas en torno al malestar emocional y la salud mental.<\/li>\n\n\n\n<li><strong>Ciclo de encuentros de salud mental y literatura &#8220;<a href=\"https:\/\/www.fundacionmanantial.org\/literariamente-miradas-literarias-hacia-la-salud-mental\/\" target=\"_blank\" rel=\"noreferrer noopener\">Literariamente<\/a>&#8220;<\/strong>, una serie de eventos que exploran la intersecci\u00f3n entre la salud mental y las artes literarias, destacando su influencia en la cultura y el bienestar.<\/li>\n<\/ol>\n\n\n\n<h4 class=\"wp-block-heading\">Cobertura en medios importantes<\/h4>\n\n\n\n<p>Nuestra presencia ha sido notable en medios de comunicaci\u00f3n de gran influencia como <strong>ABC, Corresponsables, EFE, Europapress<\/strong> y <strong>Telemadrid<\/strong>. Estos medios han sido fundamentales en la difusi\u00f3n de nuestras iniciativas y en la amplificaci\u00f3n de nuestro mensaje.<\/p>\n\n\n\n<h3 class=\"wp-block-heading\">Conclusi\u00f3n<\/h3>\n\n\n\n<p>Estos resultados reflejan el impacto positivo de nuestras acciones de comunicaci\u00f3n y la importancia de seguir trabajando en la sensibilizaci\u00f3n y promoci\u00f3n de la salud mental. A medida que avanzamos hacia el segundo semestre del a\u00f1o, continuaremos fortaleciendo nuestra presencia medi\u00e1tica y trabajando para que nuestros proyectos y mensajes lleguen cada vez a m\u00e1s personas.<\/p>\n\n\n\n<p><a href=\"https:\/\/www.fundacionmanantial.org\/wp-content\/uploads\/2024\/08\/Clipping-informe-de-Cobertura_Fundacion-Manantial-enero-julio.pptx.pdf\" target=\"_blank\" rel=\"noreferrer noopener\">Ver el informe completo<\/a><\/p>\n","protected":false},"excerpt":{"rendered":"<p>En el primer semestre de 2024, hemos logrado resultados significativos en nuestras estrategias de comunicaci\u00f3n. Estos logros no solo reflejan el esfuerzo dedicado a posicionar temas cruciales en la agenda medi\u00e1tica, sino tambi\u00e9n la relevancia de las iniciativas que hemos lanzado. A continuaci\u00f3n, detallamos los principales indicadores de rendimiento en t\u00e9rminos de impacto medi\u00e1tico, audiencia [&hellip;]<\/p>\n","protected":false},"author":7,"featured_media":8316,"comment_status":"closed","ping_status":"closed","sticky":false,"template":"","format":"standard","meta":{"_acf_changed":false,"give_campaign_id":0,"_seopress_robots_primary_cat":"none","_seopress_titles_title":"","_seopress_titles_desc":"","_seopress_robots_index":"","footnotes":""},"categories":[34,53,1],"tags":[60,85,242,61,64,65,180,111],"class_list":["post-8310","post","type-post","status-publish","format-standard","has-post-thumbnail","hentry","category-noticias-fundacion-manantial","category-sin-categorizar-2","category-sin-categorizar","tag-empleo","tag-fundacion-manantial","tag-fundacionmanantial","tag-inclusion","tag-recuperacion","tag-salud-mental","tag-saludmental","tag-sensibilizacion"],"acf":[],"_links":{"self":[{"href":"https:\/\/www.fundacionmanantial.org\/en\/wp-json\/wp\/v2\/posts\/8310","targetHints":{"allow":["GET"]}}],"collection":[{"href":"https:\/\/www.fundacionmanantial.org\/en\/wp-json\/wp\/v2\/posts"}],"about":[{"href":"https:\/\/www.fundacionmanantial.org\/en\/wp-json\/wp\/v2\/types\/post"}],"author":[{"embeddable":true,"href":"https:\/\/www.fundacionmanantial.org\/en\/wp-json\/wp\/v2\/users\/7"}],"replies":[{"embeddable":true,"href":"https:\/\/www.fundacionmanantial.org\/en\/wp-json\/wp\/v2\/comments?post=8310"}],"version-history":[{"count":0,"href":"https:\/\/www.fundacionmanantial.org\/en\/wp-json\/wp\/v2\/posts\/8310\/revisions"}],"wp:featuredmedia":[{"embeddable":true,"href":"https:\/\/www.fundacionmanantial.org\/en\/wp-json\/wp\/v2\/media\/8316"}],"wp:attachment":[{"href":"https:\/\/www.fundacionmanantial.org\/en\/wp-json\/wp\/v2\/media?parent=8310"}],"wp:term":[{"taxonomy":"category","embeddable":true,"href":"https:\/\/www.fundacionmanantial.org\/en\/wp-json\/wp\/v2\/categories?post=8310"},{"taxonomy":"post_tag","embeddable":true,"href":"https:\/\/www.fundacionmanantial.org\/en\/wp-json\/wp\/v2\/tags?post=8310"}],"curies":[{"name":"wp","href":"https:\/\/api.w.org\/{rel}","templated":true}]}}