{"id":8298,"date":"2024-07-31T13:52:44","date_gmt":"2024-07-31T12:52:44","guid":{"rendered":"https:\/\/www.fundacionmanantial.org\/?p=8298"},"modified":"2024-08-01T07:09:01","modified_gmt":"2024-08-01T06:09:01","slug":"solo-el-26-de-los-jovenes-con-malestar-emocional-que-deciden-pedir-ayuda-acuden-a-profesionales-de-la-salud","status":"publish","type":"post","link":"https:\/\/www.fundacionmanantial.org\/en\/solo-el-26-de-los-jovenes-con-malestar-emocional-que-deciden-pedir-ayuda-acuden-a-profesionales-de-la-salud\/","title":{"rendered":"Solo el 26\u00a0% de los j\u00f3venes con malestar emocional que deciden pedir ayuda acuden a profesionales de la salud"},"content":{"rendered":"\n<p><strong>El estudio del <a href=\"https:\/\/fundacionlacaixa.org\/es\/observatorio-social?utm_source=sc&amp;utm_medium=cpc&amp;utm_campaign=plan-editorial&amp;utm_content=observatorio-social&amp;utm_term=792450&amp;gad_source=1&amp;gclid=Cj0KCQjwwae1BhC_ARIsAK4JfryIN4qz8-yZ6oMaBBsnTIL2gRpasbjwtaXkGSbHI9bP6PPL9JeWw2YaAgOUEALw_wcB\" target=\"_blank\" rel=\"noreferrer noopener\">Observatorio Social de la Fundaci\u00f3n \u201dla Caixa\u201d<\/a> <em>\u00bfD\u00f3nde y c\u00f3mo buscan ayuda los j\u00f3venes cuando tienen malestar emocional?<\/em>, liderado por investigadores del Instituto de Psiquiatr\u00eda y Salud Mental del <a href=\"https:\/\/www.comunidad.madrid\/hospital\/clinicosancarlos\/\" target=\"_blank\" rel=\"noreferrer noopener\">Hospital Cl\u00ednico San Carlos<\/a> y de Fundaci\u00f3n Manantial, concluye que el 29,8\u00a0% de los j\u00f3venes de entre 16 y 32 a\u00f1os deciden pedir ayuda cuando sufren malestar emocional. Dentro de este grupo, solo el 25,9\u00a0% opta por acudir a profesionales de la salud.<\/strong><\/p>\n\n\n\n<p>El 45,8\u00a0% de los j\u00f3venes de entre 16 y 32 a\u00f1os aseguran padecer malestar emocional. De ellos, el 29,8\u00a0% deciden pedir ayuda cuando se sienten mal, pero \u00bfa qui\u00e9n acuden? Seg\u00fan el estudio <em><strong>\u00bfD\u00f3nde y c\u00f3mo buscan ayuda los j\u00f3venes cuando tienen malestar emocional?<\/strong><\/em> del Observatorio Social de la Fundaci\u00f3n \u201dla Caixa\u201d, <strong>el 56,8\u00a0% optan por los amigos, familiares y conocidos, y solo el 25,9\u00a0% piden ayuda a profesionales de la salud. El 16,4\u00a0% restante deciden buscar amparo por internet o en las redes sociales.<\/strong><\/p>\n\n\n\n<p>Pero <strong>pedir ayuda<\/strong>, ya sea a amigos, familiares o profesionales (29,8%), <strong>no es la primera opci\u00f3n entre los j\u00f3venes con malestar emocional<\/strong>. Preguntados por qu\u00e9 hacen cuando sienten este malestar emocional, el 36,6\u00a0% de los j\u00f3venes aseguran que optan por aislarse. Buscar soluciones en internet (16,1\u00a0%), restringir la alimentaci\u00f3n o darse atracones (14\u00a0%), o rezar (7,3\u00a0%), fueron otras de las respuestas m\u00e1s frecuentes.<\/p>\n\n\n\n<p>Estas son algunas de las principales conclusiones del art\u00edculo liderado por los investigadores <a href=\"https:\/\/es.linkedin.com\/in\/david-fraguas-md-phd-0015b76\" target=\"_blank\" rel=\"noreferrer noopener\">David Fraguas<\/a>, del Instituto de Psiquiatr\u00eda y Salud Mental del Hospital Cl\u00ednico San Carlos (IdISSC, CIBERSAM, UCM, Fundaci\u00f3n Manantial), y <a href=\"https:\/\/es.linkedin.com\/in\/antonio-perdig%C3%B3n-122728a4\" target=\"_blank\" rel=\"noreferrer noopener\">Antonio Perdig\u00f3n<\/a>, Octavio Finol, Diana Torres, Vanesa L\u00f3pez y <a href=\"https:\/\/es.linkedin.com\/in\/sara-toledano-m%C3%A1rquez\" target=\"_blank\" rel=\"noreferrer noopener\">Sara Toledano<\/a>, de Fundaci\u00f3n Manantial, para el Observatorio Social de la Fundaci\u00f3n \u201dla Caixa\u201d.<\/p>\n\n\n\n<p>El <strong>objetivo <\/strong>de este estudio era <strong>analizar d\u00f3nde y c\u00f3mo buscan ayuda los j\u00f3venes que sufren malestar emocional<\/strong>, entendido como una experiencia subjetiva de sufrimiento o desaz\u00f3n ps\u00edquica, tal y como definen los propios autores del estudio. Para ello, <strong>un total de 4.008 personas han respondido a un cuestionario en l\u00ednea<\/strong>; de ellas, 2.013 ten\u00edan edades comprendidas entre los 16 y los 32 a\u00f1os, y las 1.995 restantes eran personas de entre 33 y 48 a\u00f1os. Por g\u00e9nero, 2.008 participantes eran hombres y 2.000 mujeres, residentes de todas las comunidades aut\u00f3nomas.<\/p>\n\n\n\n<figure class=\"wp-block-embed is-type-video is-provider-youtube wp-block-embed-youtube wp-embed-aspect-16-9 wp-has-aspect-ratio\"><div class=\"wp-block-embed__wrapper\">\n<iframe title=\"Declaraciones de David Fraguas\" width=\"500\" height=\"281\" src=\"https:\/\/www.youtube.com\/embed\/IyVEtfJ34Qw?feature=oembed\" frameborder=\"0\" allow=\"accelerometer; autoplay; clipboard-write; encrypted-media; gyroscope; picture-in-picture; web-share\" referrerpolicy=\"strict-origin-when-cross-origin\" allowfullscreen><\/iframe>\n<\/div><\/figure>\n\n\n\n<p>\u00abDe entre los factores que contribuyen a explicar que solo el 26\u00a0% de los j\u00f3venes acuden a profesionales cuando sienten malestar emocional, destaco tres aspectos: el primero, <strong>las dificultades de acceso a la ayuda profesional<\/strong>, el cual no es r\u00e1pido y no es f\u00e1cil conocer las opciones disponibles ni el medio de acceso a ellas. El segundo, la <strong>limitada capacidad de seguimiento de la atenci\u00f3n profesiona<\/strong>l: puede darse una duraci\u00f3n escasa de cada consulta o el seguimiento puede ser de baja frecuencia durante las citas. El tercero es la <strong>percepci\u00f3n de que la ayuda profesional no ser\u00e1 \u00fatil<\/strong>. En algunos casos, esta percepci\u00f3n se ajustar\u00e1 perfectamente a la capacidad de ayuda de la atenci\u00f3n profesional, pues no todo malestar emocional es subsidiario de atenci\u00f3n por parte de un profesional de la salud mental\u00bb, ha declarado el investigador y coautor del estudio, <strong>David Fraguas<\/strong>.<\/p>\n\n\n\n<figure class=\"wp-block-embed is-type-video is-provider-youtube wp-block-embed-youtube wp-embed-aspect-16-9 wp-has-aspect-ratio\"><div class=\"wp-block-embed__wrapper\">\n<iframe title=\"Declaraciones de Sara Toledano\" width=\"500\" height=\"281\" src=\"https:\/\/www.youtube.com\/embed\/mP00nmrzD8c?feature=oembed\" frameborder=\"0\" allow=\"accelerometer; autoplay; clipboard-write; encrypted-media; gyroscope; picture-in-picture; web-share\" referrerpolicy=\"strict-origin-when-cross-origin\" allowfullscreen><\/iframe>\n<\/div><\/figure>\n\n\n\n<p><a href=\"https:\/\/mediahub.fundacionlacaixa.org\/es\/social\/programas-sociales\/jovenes\/2024-07-31\/26-jovenes-malestar-emocional-piden-ayuda-acuden-profesionales-salud-6155.html\" target=\"_blank\" rel=\"noreferrer noopener\">Leer el art\u00edculo completo en Fundaci\u00f3n &#8220;la Caixa&#8221;<\/a><\/p>\n\n\n\n<p><u><strong>El Observatorio Social de la Fundaci\u00f3n \u201dla\u00a0Caixa\u201d<\/strong><\/u><\/p>\n\n\n\n<p>El Observatorio Social de la Fundaci\u00f3n \u201dla Caixa\u201d es un espacio de an\u00e1lisis, debate y reflexi\u00f3n que estudia los cambios que se producen en la sociedad y divulga el conocimiento de las ciencias sociales para favorecer el enriquecimiento del debate p\u00fablico informado.<\/p>\n","protected":false},"excerpt":{"rendered":"<p>El estudio del Observatorio Social de la Fundaci\u00f3n \u201dla Caixa\u201d \u00bfD\u00f3nde y c\u00f3mo buscan ayuda los j\u00f3venes cuando tienen malestar emocional?, liderado por investigadores del Instituto de Psiquiatr\u00eda y Salud Mental del Hospital Cl\u00ednico San Carlos y de Fundaci\u00f3n Manantial, concluye que el 29,8\u00a0% de los j\u00f3venes de entre 16 y 32 a\u00f1os deciden pedir [&hellip;]<\/p>\n","protected":false},"author":7,"featured_media":8307,"comment_status":"closed","ping_status":"closed","sticky":false,"template":"","format":"standard","meta":{"_acf_changed":false,"give_campaign_id":0,"_seopress_robots_primary_cat":"none","_seopress_titles_title":"","_seopress_titles_desc":"","_seopress_robots_index":"","footnotes":""},"categories":[34,1],"tags":[60,107,85,242,61,792,64,65,180,111],"class_list":["post-8298","post","type-post","status-publish","format-standard","has-post-thumbnail","hentry","category-noticias-fundacion-manantial","category-sin-categorizar","tag-empleo","tag-estigma","tag-fundacion-manantial","tag-fundacionmanantial","tag-inclusion","tag-investigacion-2","tag-recuperacion","tag-salud-mental","tag-saludmental","tag-sensibilizacion"],"acf":[],"_links":{"self":[{"href":"https:\/\/www.fundacionmanantial.org\/en\/wp-json\/wp\/v2\/posts\/8298","targetHints":{"allow":["GET"]}}],"collection":[{"href":"https:\/\/www.fundacionmanantial.org\/en\/wp-json\/wp\/v2\/posts"}],"about":[{"href":"https:\/\/www.fundacionmanantial.org\/en\/wp-json\/wp\/v2\/types\/post"}],"author":[{"embeddable":true,"href":"https:\/\/www.fundacionmanantial.org\/en\/wp-json\/wp\/v2\/users\/7"}],"replies":[{"embeddable":true,"href":"https:\/\/www.fundacionmanantial.org\/en\/wp-json\/wp\/v2\/comments?post=8298"}],"version-history":[{"count":0,"href":"https:\/\/www.fundacionmanantial.org\/en\/wp-json\/wp\/v2\/posts\/8298\/revisions"}],"wp:featuredmedia":[{"embeddable":true,"href":"https:\/\/www.fundacionmanantial.org\/en\/wp-json\/wp\/v2\/media\/8307"}],"wp:attachment":[{"href":"https:\/\/www.fundacionmanantial.org\/en\/wp-json\/wp\/v2\/media?parent=8298"}],"wp:term":[{"taxonomy":"category","embeddable":true,"href":"https:\/\/www.fundacionmanantial.org\/en\/wp-json\/wp\/v2\/categories?post=8298"},{"taxonomy":"post_tag","embeddable":true,"href":"https:\/\/www.fundacionmanantial.org\/en\/wp-json\/wp\/v2\/tags?post=8298"}],"curies":[{"name":"wp","href":"https:\/\/api.w.org\/{rel}","templated":true}]}}