{"id":8290,"date":"2024-07-31T09:41:36","date_gmt":"2024-07-31T08:41:36","guid":{"rendered":"https:\/\/www.fundacionmanantial.org\/?p=8290"},"modified":"2024-07-31T09:42:31","modified_gmt":"2024-07-31T08:42:31","slug":"descubre-nuestro-nuevo-boletin-manantial-en-la-comunidad-agosto-2024","status":"publish","type":"post","link":"https:\/\/www.fundacionmanantial.org\/en\/descubre-nuestro-nuevo-boletin-manantial-en-la-comunidad-agosto-2024\/","title":{"rendered":"Descubre nuestro nuevo bolet\u00edn \u00abManantial en la Comunidad\u00bb \u2013 agosto 2024"},"content":{"rendered":"\n<p>\ud83d\udce2 \u00a1Ya est\u00e1 aqu\u00ed el nuevo bolet\u00edn \u00abManantial en la Comunidad\u00bb con las \u00faltimas novedades y actividades con las que promovemos la inclusi\u00f3n y el bienestar de las personas con problemas de salud mental en la comunidad.<\/p>\n\n\n\n<p>Nuestro trabajo no se entender\u00eda sin la colaboraci\u00f3n y participaci\u00f3n en red. En esta edici\u00f3n de agosto 2024, te invitamos a sumergirte en una variedad de eventos y proyectos:<\/p>\n\n\n\n<ul class=\"wp-block-list\">\n<li><strong>Parrillada comunitaria<\/strong>: compartimos momentos agradables celebrando la llegada del verano.<\/li>\n\n\n\n<li><strong>Conversaciones sobre diversidad sexual \ud83c\udff3\ufe0f\u200d\ud83c\udf08:<\/strong> espacios seguros para el di\u00e1logo y eliminaci\u00f3n del estigma.<\/li>\n\n\n\n<li><strong>Proyectos en la naturaleza \ud83c\udf3f:<\/strong> descubre el Sendero m\u00e1gico que hemos creado en en el parque de Bosque Sur (Fuenlabrada). <\/li>\n\n\n\n<li><strong>Encuentros entre J\u00f3venes \ud83c\udfae:<\/strong> espacios participativos donde compartir intereses comunes, organizar acciones y actividades destinadas a favorecer la salud mental comunitaria y el ocio inclusivo.<\/li>\n\n\n\n<li><strong>Actividades contra la soledad no deseada \ud83e\udec2<\/strong>junto a otros colectivos y fortalecer los lazos comunitarios.<\/li>\n<\/ul>\n\n\n\n<p>En Fundaci\u00f3n Manantial, creemos que la colaboraci\u00f3n y la participaci\u00f3n en red son fundamentales para nuestra misi\u00f3n. Trabajamos incansablemente por la inclusi\u00f3n y el apoyo a personas con problemas de salud mental, y este bolet\u00edn es una muestra de nuestro compromiso.<\/p>\n\n\n\n<p><strong>Lee el bolet\u00edn completo aqu\u00ed:<\/strong> <a href=\"https:\/\/www.fundacionmanantial.org\/wp-content\/uploads\/2024\/07\/Boletin-Manantial-en-la-comunidad-agosto-2024.pdf\" target=\"_blank\" rel=\"noreferrer noopener\">\u00abManantial en la Comunidad \u2013 Agosto 2024\u00bb<\/a><\/p>\n\n\n\n<p>Mantente al tanto de todas nuestras actividades y \u00fanete a nosotros en la construcci\u00f3n de una comunidad m\u00e1s inclusiva y solidaria. \u00a1No te lo pierdas!<\/p>\n","protected":false},"excerpt":{"rendered":"<p>\ud83d\udce2 \u00a1Ya est\u00e1 aqu\u00ed el nuevo bolet\u00edn \u00abManantial en la Comunidad\u00bb con las \u00faltimas novedades y actividades con las que promovemos la inclusi\u00f3n y el bienestar de las personas con problemas de salud mental en la comunidad. Nuestro trabajo no se entender\u00eda sin la colaboraci\u00f3n y participaci\u00f3n en red. En esta edici\u00f3n de agosto 2024, [&hellip;]<\/p>\n","protected":false},"author":7,"featured_media":8293,"comment_status":"closed","ping_status":"closed","sticky":false,"template":"","format":"standard","meta":{"_acf_changed":false,"give_campaign_id":0,"_seopress_robots_primary_cat":"none","_seopress_titles_title":"","_seopress_titles_desc":"","_seopress_robots_index":"","footnotes":""},"categories":[34,1],"tags":[107,85,61,64,65,180,111],"class_list":["post-8290","post","type-post","status-publish","format-standard","has-post-thumbnail","hentry","category-noticias-fundacion-manantial","category-sin-categorizar","tag-estigma","tag-fundacion-manantial","tag-inclusion","tag-recuperacion","tag-salud-mental","tag-saludmental","tag-sensibilizacion"],"acf":[],"_links":{"self":[{"href":"https:\/\/www.fundacionmanantial.org\/en\/wp-json\/wp\/v2\/posts\/8290","targetHints":{"allow":["GET"]}}],"collection":[{"href":"https:\/\/www.fundacionmanantial.org\/en\/wp-json\/wp\/v2\/posts"}],"about":[{"href":"https:\/\/www.fundacionmanantial.org\/en\/wp-json\/wp\/v2\/types\/post"}],"author":[{"embeddable":true,"href":"https:\/\/www.fundacionmanantial.org\/en\/wp-json\/wp\/v2\/users\/7"}],"replies":[{"embeddable":true,"href":"https:\/\/www.fundacionmanantial.org\/en\/wp-json\/wp\/v2\/comments?post=8290"}],"version-history":[{"count":0,"href":"https:\/\/www.fundacionmanantial.org\/en\/wp-json\/wp\/v2\/posts\/8290\/revisions"}],"wp:featuredmedia":[{"embeddable":true,"href":"https:\/\/www.fundacionmanantial.org\/en\/wp-json\/wp\/v2\/media\/8293"}],"wp:attachment":[{"href":"https:\/\/www.fundacionmanantial.org\/en\/wp-json\/wp\/v2\/media?parent=8290"}],"wp:term":[{"taxonomy":"category","embeddable":true,"href":"https:\/\/www.fundacionmanantial.org\/en\/wp-json\/wp\/v2\/categories?post=8290"},{"taxonomy":"post_tag","embeddable":true,"href":"https:\/\/www.fundacionmanantial.org\/en\/wp-json\/wp\/v2\/tags?post=8290"}],"curies":[{"name":"wp","href":"https:\/\/api.w.org\/{rel}","templated":true}]}}