{"id":8160,"date":"2024-07-18T08:09:11","date_gmt":"2024-07-18T07:09:11","guid":{"rendered":"https:\/\/www.fundacionmanantial.org\/?p=8160"},"modified":"2024-07-18T08:09:58","modified_gmt":"2024-07-18T07:09:58","slug":"la-apuesta-de-fundacion-manantial-por-la-inclusion-laboral-en-salud-mental","status":"publish","type":"post","link":"https:\/\/www.fundacionmanantial.org\/en\/la-apuesta-de-fundacion-manantial-por-la-inclusion-laboral-en-salud-mental\/","title":{"rendered":"La apuesta de Fundaci\u00f3n Manantial por la inclusi\u00f3n laboral en salud mental"},"content":{"rendered":"\n<p><a href=\"https:\/\/www.comunidad.madrid\/transparencia\/persona\/ana-davila-ponce-leon-municio-1\" target=\"_blank\" rel=\"noreferrer noopener\">Ana D\u00e1vila<\/a>, consejera de Familia, Juventud y Asuntos Sociales de la Comunidad de Madrid, ha visitado&nbsp;el <a href=\"https:\/\/www.fundacionmanantial.org\/servicios-de-salud-mental\/atencion-social-en-salud-mental\/\" target=\"_blank\" rel=\"noreferrer noopener\">Centro de Rehabilitaci\u00f3n Laboral&nbsp;&#8220;Parla&#8221;<\/a>&nbsp;gestionado por Fundaci\u00f3n Manantial, que forma parte de la Red de atenci\u00f3n social para personas con problemas graves de salud mental.<\/p>\n\n\n\n<p>El principal objetivo de los procesos de rehabilitaci\u00f3n laboral es facilitar los apoyos necesarios para que las personas puedan acceder al mercado de trabajo, mejorar su autonom\u00eda y calidad de vida.&nbsp;El empleo&nbsp;facilita la recuperaci\u00f3n y tiene un importante impacto en la identidad de las personas siendo&nbsp;una&nbsp;pieza clave en la inclusi\u00f3n social.<\/p>\n\n\n\n<p><strong>Impacto en 2023: l<\/strong><strong>a Comunidad de Madrid aumenta la inclusi\u00f3n laboral de personas con problemas graves de salud mental al 65%<\/strong><\/p>\n\n\n\n<p>En el a\u00f1o 2023, la Comunidad de Madrid atendi\u00f3 a 1.971 personas con problemas graves de salud mental en sus 29 centros de rehabilitaci\u00f3n laboral&nbsp;&nbsp;(402 de estas personas en los centros que gestiona Fundaci\u00f3n Manantial)&nbsp;&nbsp;y el 65% accedi\u00f3 a una actividad profesional.&nbsp;<\/p>\n\n\n\n<p><strong>Fundaci\u00f3n Manantial: un pilar fundamental<\/strong><\/p>\n\n\n\n<p>Durante la visita, D\u00e1vila&nbsp;ha resaltado la labor de Fundaci\u00f3n Manantial, una &#8220;entidad clave&#8221; en la consecuci\u00f3n de estos resultados positivos que gestiona el 20% de las plazas en los centros de rehabilitaci\u00f3n laboral.&nbsp;Por ello,&nbsp;iniciativas como las que pone en marcha Fundaci\u00f3n Manantial para lograr una verdadera inclusi\u00f3n laboral&nbsp;suponen un &#8220;papel crucial&#8221;, en palabras de la consejera, para&nbsp;un colectivo con una tasa de desempleo que roza el 82 %.<\/p>\n\n\n\n<p><strong>&#8220;Cruzar estas puertas supone abrir un mundo de posibilidades&#8221;<\/strong><\/p>\n\n\n\n<p>El trabajo es una de las principales herramientas para la recuperaci\u00f3n y el desarrollo de proyectos de vida, que &#8220;nos conecta con el mundo y nos permite construir una identidad m\u00e1s all\u00e1 de etiquetas y diagn\u00f3sticos&#8221;, ha se\u00f1alado&nbsp;Esther S\u00e1nchez, directora del centro, y es que &#8220;los apoyos personalizados en un contexto prelaboral permiten mejorar las competencias necesarias para facilitar el acceso al empleo en funci\u00f3n&nbsp;de las capacidades y competencias de cada persona y de las necesidades del mercado de trabajo&#8221;.&nbsp;<\/p>\n\n\n\n<p><strong>Nuestro compromiso:&nbsp;crear una sociedad m\u00e1s inclusiva aportando valor social a trav\u00e9s del trabajo.<\/strong><\/p>\n\n\n\n<p>Con esta visita, la <a href=\"https:\/\/www.comunidad.madrid\/servicios\/servicios-sociales\/red-atencion-social-personas-enfermedad-mental\" target=\"_blank\" rel=\"noreferrer noopener\">Comunidad de Madrid<\/a> reafirma su compromiso con la inclusi\u00f3n y el apoyo a personas con problemas de salud mental, demostrando que, con los recursos adecuados, es posible lograr una inclusi\u00f3n plena en el mercado laboral.<\/p>\n\n\n\n<p>La consejera estuvo acompa\u00f1ada por la directora general de Atenci\u00f3n a personas con discapacidad, <a href=\"https:\/\/www.comunidad.madrid\/transparencia\/persona\/alejandra-serrano-fernandez\" target=\"_blank\" rel=\"noreferrer noopener\">Alejandra Serrano<\/a>; la subdirectora, <a href=\"https:\/\/www.comunidad.madrid\/transparencia\/persona\/silvia-mendez-urrutia\" target=\"_blank\" rel=\"noreferrer noopener\">Silvia M\u00e9ndez Urrutia<\/a>; el coordinador de la Red de Atenci\u00f3n Social a personas con enfermedad mental, <a href=\"https:\/\/es.linkedin.com\/posts\/abelardo-rodriguez-99644517_la-salud-mental-como-discapacidad-dise%C3%B1ar-activity-7128484968128774144-PmOC\" target=\"_blank\" rel=\"noreferrer noopener\">Abelardo Rodr\u00edguez<\/a>, y el equipo de Fundaci\u00f3n Manantial: la directora general, <a href=\"https:\/\/es.linkedin.com\/in\/elena-biurrun-sainz-de-rozas-8b0575173\" target=\"_blank\" rel=\"noreferrer noopener\">Elena Biurrun<\/a>, la directora de Empleo, <a href=\"https:\/\/es.linkedin.com\/in\/sonia-carral%C3%B3n-30b0207a\" target=\"_blank\" rel=\"noreferrer noopener\">Sonia Carral\u00f3n<\/a>, y el equipo de profesionales del Centro de Rehabilitaci\u00f3n Laboral.<\/p>\n","protected":false},"excerpt":{"rendered":"<p>Ana D\u00e1vila, consejera de Familia, Juventud y Asuntos Sociales de la Comunidad de Madrid, ha visitado&nbsp;el Centro de Rehabilitaci\u00f3n Laboral&nbsp;&#8220;Parla&#8221;&nbsp;gestionado por Fundaci\u00f3n Manantial, que forma parte de la Red de atenci\u00f3n social para personas con problemas graves de salud mental. El principal objetivo de los procesos de rehabilitaci\u00f3n laboral es facilitar los apoyos necesarios para [&hellip;]<\/p>\n","protected":false},"author":7,"featured_media":8167,"comment_status":"closed","ping_status":"closed","sticky":false,"template":"","format":"standard","meta":{"_acf_changed":false,"give_campaign_id":0,"_seopress_robots_primary_cat":"none","_seopress_titles_title":"","_seopress_titles_desc":"","_seopress_robots_index":"","footnotes":""},"categories":[34,1,53],"tags":[60,107,85,242,61,64,65,180,111],"class_list":["post-8160","post","type-post","status-publish","format-standard","has-post-thumbnail","hentry","category-noticias-fundacion-manantial","category-sin-categorizar","category-sin-categorizar-2","tag-empleo","tag-estigma","tag-fundacion-manantial","tag-fundacionmanantial","tag-inclusion","tag-recuperacion","tag-salud-mental","tag-saludmental","tag-sensibilizacion"],"acf":[],"_links":{"self":[{"href":"https:\/\/www.fundacionmanantial.org\/en\/wp-json\/wp\/v2\/posts\/8160","targetHints":{"allow":["GET"]}}],"collection":[{"href":"https:\/\/www.fundacionmanantial.org\/en\/wp-json\/wp\/v2\/posts"}],"about":[{"href":"https:\/\/www.fundacionmanantial.org\/en\/wp-json\/wp\/v2\/types\/post"}],"author":[{"embeddable":true,"href":"https:\/\/www.fundacionmanantial.org\/en\/wp-json\/wp\/v2\/users\/7"}],"replies":[{"embeddable":true,"href":"https:\/\/www.fundacionmanantial.org\/en\/wp-json\/wp\/v2\/comments?post=8160"}],"version-history":[{"count":0,"href":"https:\/\/www.fundacionmanantial.org\/en\/wp-json\/wp\/v2\/posts\/8160\/revisions"}],"wp:featuredmedia":[{"embeddable":true,"href":"https:\/\/www.fundacionmanantial.org\/en\/wp-json\/wp\/v2\/media\/8167"}],"wp:attachment":[{"href":"https:\/\/www.fundacionmanantial.org\/en\/wp-json\/wp\/v2\/media?parent=8160"}],"wp:term":[{"taxonomy":"category","embeddable":true,"href":"https:\/\/www.fundacionmanantial.org\/en\/wp-json\/wp\/v2\/categories?post=8160"},{"taxonomy":"post_tag","embeddable":true,"href":"https:\/\/www.fundacionmanantial.org\/en\/wp-json\/wp\/v2\/tags?post=8160"}],"curies":[{"name":"wp","href":"https:\/\/api.w.org\/{rel}","templated":true}]}}