{"id":8120,"date":"2024-07-10T08:11:35","date_gmt":"2024-07-10T07:11:35","guid":{"rendered":"https:\/\/www.fundacionmanantial.org\/?p=8120"},"modified":"2024-07-10T08:13:11","modified_gmt":"2024-07-10T07:13:11","slug":"problemas-de-salud-mental-en-primera-persona-fundacion-manantial-en-cadena-ser","status":"publish","type":"post","link":"https:\/\/www.fundacionmanantial.org\/en\/problemas-de-salud-mental-en-primera-persona-fundacion-manantial-en-cadena-ser\/","title":{"rendered":"Problemas de salud mental en primera persona: Fundaci\u00f3n Manantial en Cadena Ser"},"content":{"rendered":"\n<p>Laura, Natalia, Diego y Javi compartieron sus experiencias con <a href=\"https:\/\/twitter.com\/JuanJoseMillas?ref_src=twsrc%5Egoogle%7Ctwcamp%5Eserp%7Ctwgr%5Eauthor\" target=\"_blank\" rel=\"noreferrer noopener\">Juan Jos\u00e9 Mill\u00e1s<\/a> y <a href=\"https:\/\/cadenaser.com\/tag\/javier_del_pino\/a\/\" target=\"_blank\" rel=\"noreferrer noopener\">Javier del Pino<\/a> en el programa <a href=\"https:\/\/cadenaser.com\/podcast\/cadena-ser\/a-vivir-que-son-dos-dias\/\" target=\"_blank\" rel=\"noreferrer noopener\">&#8220;A vivir que son dos d\u00edas&#8221;<\/a> de Cadena Ser. Los participantes narraron <strong>el inicio de sus problemas de salud mental, la barrera del estigma, los v\u00ednculos sociales, las listas de espera en la sanidad p\u00fablica y la sobremedicaci\u00f3n<\/strong>, entre otros temas.<\/p>\n\n\n\n<p><strong>Relatos personales y la lucha contra el estigma<\/strong><\/p>\n\n\n\n<p>&#8220;El querer hacer algo y no poder porque no te responde el cuerpo. Yo solo quer\u00eda meterme en la cama y no saber nada de nadie. Decirnos &#8216;lev\u00e1ntate y sal&#8217; es no entender lo que nos ocurre. Ir a cualquier sitio es un sufrimiento constante&#8221;.<\/p>\n\n\n\n<p><strong>La importancia del lenguaje en salud mental<\/strong><\/p>\n\n\n\n<p>Juan Jos\u00e9 Mill\u00e1s destac\u00f3 la importancia del lenguaje: &#8220;Con el t\u00e9rmino &#8216;enfermo mental&#8217;, parece que toda su identidad est\u00e1 puesta ah\u00ed. Sin embargo, con &#8216;persona con enfermedad mental&#8217; el diagn\u00f3stico no abarca toda la identidad&#8221;. Mill\u00e1s a\u00f1adi\u00f3 que es crucial no confundir locura con maldad, y critic\u00f3 la estigmatizaci\u00f3n que se produce al asociar cr\u00edmenes con enfermedades mentales.<\/p>\n\n\n\n<p><strong>El estigma y la soledad en los problemas de salud mental<\/strong><\/p>\n\n\n\n<p>Uno de los temas centrales fue el estigma. &#8220;Te ve alg\u00fan vecino salir del centro de salud mental y esa misma tarde, est\u00e1s en un corro de gente en tu comunidad, y al salir de la piscina te han sacado la silla del corro y te has quedado fuera&#8221;. La conversaci\u00f3n subray\u00f3 la importancia de que figuras p\u00fablicas hablen abiertamente sobre salud mental, ayudando a normalizar condiciones como la ansiedad y la depresi\u00f3n, pero cuidando que no sea solo una moda pasajera.<\/p>\n\n\n\n<p><strong>La visibilidad y el apoyo comunitario<\/strong><\/p>\n\n\n\n<p>&#8220;Cuando otras personas te cuentan que han pasado por lo mismo, dejas de sentirte raro, dejas de sentirte tan mal. Dejas de estar tan solo&#8221;, comentaron los participantes, resaltando el impacto positivo de la visibilidad, las acciones de conciaciaci\u00f3n y el apoyo de la comunidad.<\/p>\n\n\n\n<p><strong>Inclusi\u00f3n y desaf\u00edos<\/strong><\/p>\n\n\n\n<p>&#8220;La dificultad de volver a entrar en el circuito, la soledad. Sobre todo, la soledad. Ellos tienen certificado y papeles. \u00bfQu\u00e9 excusa tienes t\u00fa?&#8221;.<\/p>\n\n\n\n<p><strong>Escucha el programa completo<\/strong><\/p>\n\n\n\n<p>Para escuchar el programa completo y conocer todas las historias, visita <a href=\"https:\/\/cadenaser.com\/audio\/1720343733187\/\">Cadena Ser<\/a>.<\/p>\n","protected":false},"excerpt":{"rendered":"<p>Laura, Natalia, Diego y Javi compartieron sus experiencias con Juan Jos\u00e9 Mill\u00e1s y Javier del Pino en el programa &#8220;A vivir que son dos d\u00edas&#8221; de Cadena Ser. Los participantes narraron el inicio de sus problemas de salud mental, la barrera del estigma, los v\u00ednculos sociales, las listas de espera en la sanidad p\u00fablica y [&hellip;]<\/p>\n","protected":false},"author":7,"featured_media":8131,"comment_status":"closed","ping_status":"closed","sticky":false,"template":"","format":"standard","meta":{"_acf_changed":false,"give_campaign_id":0,"_seopress_robots_primary_cat":"none","_seopress_titles_title":"","_seopress_titles_desc":"","_seopress_robots_index":"","footnotes":""},"categories":[34,53,1],"tags":[107,85,242,61,64,65,180,111],"class_list":["post-8120","post","type-post","status-publish","format-standard","has-post-thumbnail","hentry","category-noticias-fundacion-manantial","category-sin-categorizar-2","category-sin-categorizar","tag-estigma","tag-fundacion-manantial","tag-fundacionmanantial","tag-inclusion","tag-recuperacion","tag-salud-mental","tag-saludmental","tag-sensibilizacion"],"acf":[],"_links":{"self":[{"href":"https:\/\/www.fundacionmanantial.org\/en\/wp-json\/wp\/v2\/posts\/8120","targetHints":{"allow":["GET"]}}],"collection":[{"href":"https:\/\/www.fundacionmanantial.org\/en\/wp-json\/wp\/v2\/posts"}],"about":[{"href":"https:\/\/www.fundacionmanantial.org\/en\/wp-json\/wp\/v2\/types\/post"}],"author":[{"embeddable":true,"href":"https:\/\/www.fundacionmanantial.org\/en\/wp-json\/wp\/v2\/users\/7"}],"replies":[{"embeddable":true,"href":"https:\/\/www.fundacionmanantial.org\/en\/wp-json\/wp\/v2\/comments?post=8120"}],"version-history":[{"count":0,"href":"https:\/\/www.fundacionmanantial.org\/en\/wp-json\/wp\/v2\/posts\/8120\/revisions"}],"wp:featuredmedia":[{"embeddable":true,"href":"https:\/\/www.fundacionmanantial.org\/en\/wp-json\/wp\/v2\/media\/8131"}],"wp:attachment":[{"href":"https:\/\/www.fundacionmanantial.org\/en\/wp-json\/wp\/v2\/media?parent=8120"}],"wp:term":[{"taxonomy":"category","embeddable":true,"href":"https:\/\/www.fundacionmanantial.org\/en\/wp-json\/wp\/v2\/categories?post=8120"},{"taxonomy":"post_tag","embeddable":true,"href":"https:\/\/www.fundacionmanantial.org\/en\/wp-json\/wp\/v2\/tags?post=8120"}],"curies":[{"name":"wp","href":"https:\/\/api.w.org\/{rel}","templated":true}]}}