{"id":8068,"date":"2024-07-03T10:28:55","date_gmt":"2024-07-03T09:28:55","guid":{"rendered":"https:\/\/www.fundacionmanantial.org\/?p=8068"},"modified":"2024-07-03T10:29:02","modified_gmt":"2024-07-03T09:29:02","slug":"descubre-nuestro-nuevo-boletin-manantial-en-la-comunidad","status":"publish","type":"post","link":"https:\/\/www.fundacionmanantial.org\/en\/descubre-nuestro-nuevo-boletin-manantial-en-la-comunidad\/","title":{"rendered":"Descubre nuestro nuevo bolet\u00edn &#8220;Manantial en la comunidad&#8221;"},"content":{"rendered":"\n<p><strong>Promoci\u00f3n de la inclusi\u00f3n laboral, conocer nuestros derechos, reflexionamos en la radio, nos movemos a ritmo de capoeira<\/strong>,&#8230; Ya est\u00e1 disponible nuestro bolet\u00edn &#8220;Manantial en la comunidad\u201d.<\/p>\n\n\n\n<p>Nuestro trabajo no se entender\u00eda sin la&nbsp;<strong>colaboraci\u00f3n y participaci\u00f3n en red<\/strong>.&nbsp;<strong>Trabajamos por la inclusi\u00f3n de personas con problemas de salud mental.&nbsp;<\/strong><\/p>\n\n\n\n<p>Lee el bolet\u00edn completo: <a href=\"https:\/\/www.fundacionmanantial.org\/wp-content\/uploads\/2024\/07\/Boletin-Manantial-en-la-comunidad-Julio-2024.pdf\" target=\"_blank\" rel=\"noreferrer noopener\">\u201cManantial en la comunidad \u2013 julio 2024\u201d<\/a><\/p>\n","protected":false},"excerpt":{"rendered":"<p>Promoci\u00f3n de la inclusi\u00f3n laboral, conocer nuestros derechos, reflexionamos en la radio, nos movemos a ritmo de capoeira,&#8230; Ya est\u00e1 disponible nuestro bolet\u00edn &#8220;Manantial en la comunidad\u201d. Nuestro trabajo no se entender\u00eda sin la&nbsp;colaboraci\u00f3n y participaci\u00f3n en red.&nbsp;Trabajamos por la inclusi\u00f3n de personas con problemas de salud mental.&nbsp; Lee el bolet\u00edn completo: \u201cManantial en la [&hellip;]<\/p>\n","protected":false},"author":7,"featured_media":8074,"comment_status":"closed","ping_status":"closed","sticky":false,"template":"","format":"standard","meta":{"_acf_changed":false,"give_campaign_id":0,"_seopress_robots_primary_cat":"none","_seopress_titles_title":"","_seopress_titles_desc":"","_seopress_robots_index":"","footnotes":""},"categories":[34,1],"tags":[107,85,61,64,65,180,111],"class_list":["post-8068","post","type-post","status-publish","format-standard","has-post-thumbnail","hentry","category-noticias-fundacion-manantial","category-sin-categorizar","tag-estigma","tag-fundacion-manantial","tag-inclusion","tag-recuperacion","tag-salud-mental","tag-saludmental","tag-sensibilizacion"],"acf":[],"_links":{"self":[{"href":"https:\/\/www.fundacionmanantial.org\/en\/wp-json\/wp\/v2\/posts\/8068","targetHints":{"allow":["GET"]}}],"collection":[{"href":"https:\/\/www.fundacionmanantial.org\/en\/wp-json\/wp\/v2\/posts"}],"about":[{"href":"https:\/\/www.fundacionmanantial.org\/en\/wp-json\/wp\/v2\/types\/post"}],"author":[{"embeddable":true,"href":"https:\/\/www.fundacionmanantial.org\/en\/wp-json\/wp\/v2\/users\/7"}],"replies":[{"embeddable":true,"href":"https:\/\/www.fundacionmanantial.org\/en\/wp-json\/wp\/v2\/comments?post=8068"}],"version-history":[{"count":0,"href":"https:\/\/www.fundacionmanantial.org\/en\/wp-json\/wp\/v2\/posts\/8068\/revisions"}],"wp:featuredmedia":[{"embeddable":true,"href":"https:\/\/www.fundacionmanantial.org\/en\/wp-json\/wp\/v2\/media\/8074"}],"wp:attachment":[{"href":"https:\/\/www.fundacionmanantial.org\/en\/wp-json\/wp\/v2\/media?parent=8068"}],"wp:term":[{"taxonomy":"category","embeddable":true,"href":"https:\/\/www.fundacionmanantial.org\/en\/wp-json\/wp\/v2\/categories?post=8068"},{"taxonomy":"post_tag","embeddable":true,"href":"https:\/\/www.fundacionmanantial.org\/en\/wp-json\/wp\/v2\/tags?post=8068"}],"curies":[{"name":"wp","href":"https:\/\/api.w.org\/{rel}","templated":true}]}}