{"id":7744,"date":"2024-05-30T13:31:09","date_gmt":"2024-05-30T12:31:09","guid":{"rendered":"https:\/\/www.fundacionmanantial.org\/?p=7744"},"modified":"2024-05-30T13:31:13","modified_gmt":"2024-05-30T12:31:13","slug":"fundacion-manantial-se-une-a-la-red-de-voluntariado-corporativo-voluntare","status":"publish","type":"post","link":"https:\/\/www.fundacionmanantial.org\/en\/fundacion-manantial-se-une-a-la-red-de-voluntariado-corporativo-voluntare\/","title":{"rendered":"Fundaci\u00f3n Manantial se une a la red de voluntariado corporativo Voluntare"},"content":{"rendered":"\n<p>Fundaci\u00f3n Manantial ya forma parte de la mayor red de voluntariado corporativo de habla hispana, <a href=\"https:\/\/www.voluntare.org\/\">Voluntare<\/a>.<\/p>\n\n\n\n<p>Esta red tiene como objetivo principal <strong>liderar la profesionalizaci\u00f3n del voluntariado corporativo<\/strong> a trav\u00e9s del desarrollo y difusi\u00f3n de conocimiento y herramientas especializadas.<\/p>\n\n\n\n<p>Gracias a la colaboraci\u00f3n entre entidades sociales y empresas, esta red se encarga de identificar las <strong>mejores pr\u00e1cticas<\/strong> en voluntariado corporativo, as\u00ed como de crear recursos y gu\u00edas que faciliten su implementaci\u00f3n de manera efectiva.<\/p>\n\n\n\n<p class=\"has-medium-font-size\"><strong>Voluntariado corporativo en Fundaci\u00f3n Manantial <\/strong><\/p>\n\n\n\n<p>En Fundaci\u00f3n Manantial facilitamos a las entidades que buscan desarrollar su responsabilidad social que sus profesionales puedan realizar diferentes actividades junto a personas con problemas de salud mental, lo que les lleva a desarrollar actitudes que acaben con el estigma y el rechazo.<\/p>\n","protected":false},"excerpt":{"rendered":"<p>Fundaci\u00f3n Manantial ya forma parte de la mayor red de voluntariado corporativo de habla hispana, Voluntare. Esta red tiene como objetivo principal liderar la profesionalizaci\u00f3n del voluntariado corporativo a trav\u00e9s del desarrollo y difusi\u00f3n de conocimiento y herramientas especializadas. Gracias a la colaboraci\u00f3n entre entidades sociales y empresas, esta red se encarga de identificar las [&hellip;]<\/p>\n","protected":false},"author":5,"featured_media":7752,"comment_status":"closed","ping_status":"closed","sticky":false,"template":"","format":"standard","meta":{"_acf_changed":false,"give_campaign_id":0,"_seopress_robots_primary_cat":"none","_seopress_titles_title":"","_seopress_titles_desc":"","_seopress_robots_index":"","footnotes":""},"categories":[34,33,1],"tags":[107,781,65],"class_list":["post-7744","post","type-post","status-publish","format-standard","has-post-thumbnail","hentry","category-noticias-fundacion-manantial","category-noticias","category-sin-categorizar","tag-estigma","tag-inclusion-2","tag-salud-mental"],"acf":[],"_links":{"self":[{"href":"https:\/\/www.fundacionmanantial.org\/en\/wp-json\/wp\/v2\/posts\/7744","targetHints":{"allow":["GET"]}}],"collection":[{"href":"https:\/\/www.fundacionmanantial.org\/en\/wp-json\/wp\/v2\/posts"}],"about":[{"href":"https:\/\/www.fundacionmanantial.org\/en\/wp-json\/wp\/v2\/types\/post"}],"author":[{"embeddable":true,"href":"https:\/\/www.fundacionmanantial.org\/en\/wp-json\/wp\/v2\/users\/5"}],"replies":[{"embeddable":true,"href":"https:\/\/www.fundacionmanantial.org\/en\/wp-json\/wp\/v2\/comments?post=7744"}],"version-history":[{"count":0,"href":"https:\/\/www.fundacionmanantial.org\/en\/wp-json\/wp\/v2\/posts\/7744\/revisions"}],"wp:featuredmedia":[{"embeddable":true,"href":"https:\/\/www.fundacionmanantial.org\/en\/wp-json\/wp\/v2\/media\/7752"}],"wp:attachment":[{"href":"https:\/\/www.fundacionmanantial.org\/en\/wp-json\/wp\/v2\/media?parent=7744"}],"wp:term":[{"taxonomy":"category","embeddable":true,"href":"https:\/\/www.fundacionmanantial.org\/en\/wp-json\/wp\/v2\/categories?post=7744"},{"taxonomy":"post_tag","embeddable":true,"href":"https:\/\/www.fundacionmanantial.org\/en\/wp-json\/wp\/v2\/tags?post=7744"}],"curies":[{"name":"wp","href":"https:\/\/api.w.org\/{rel}","templated":true}]}}