{"id":7731,"date":"2024-05-30T11:14:25","date_gmt":"2024-05-30T10:14:25","guid":{"rendered":"https:\/\/www.fundacionmanantial.org\/?p=7731"},"modified":"2024-05-30T11:22:18","modified_gmt":"2024-05-30T10:22:18","slug":"fundacion-manantial-participa-en-el-congreso-internacional-de-asistencia-personal","status":"publish","type":"post","link":"https:\/\/www.fundacionmanantial.org\/en\/fundacion-manantial-participa-en-el-congreso-internacional-de-asistencia-personal\/","title":{"rendered":"Fundaci\u00f3n Manantial participa en el Congreso Internacional de Asistencia Personal"},"content":{"rendered":"\n<p>Valladolid ha acogido los d\u00edas 29 y 30 de mayo el \u201c<strong>Congreso Internacional de Asistencia personal<\/strong>: Construyendo autonom\u00eda, vida independiente en la era tecnol\u00f3gica\u201d.<\/p>\n\n\n\n<p>En este congreso ha participado como ponente <strong>Antonio Perdig\u00f3n<\/strong>, director del <a href=\"https:\/\/asistentepersonalsaludmental.org\/\">Proyecto de Asistencia Personal<\/a> que Fundaci\u00f3n Manantial desarrolla en la <a href=\"https:\/\/www.comunidad.madrid\/\">Comunidad de Madrid<\/a>: \u201cLa <strong>asistencia personal no solo es una propuesta emancipadora<\/strong>, sino que se configura como <strong>palanca de cambio<\/strong> para alcanzar el modelo social en el que los <strong>derechos<\/strong> de las personas con sufrimiento psicol\u00f3gico sean efectivamente ejercidos\u201d, ha destacado.<\/p>\n\n\n\n<p>En este encuentro tambi\u00e9n han estado presentes los\/as profesionales de nuestro proyecto <strong>Vida Independiente<\/strong>, que se desarrolla en la <a href=\"https:\/\/www.gva.es\/va\/inicio\/presentacion\">Comunidad Valenciana<\/a> con el apoyo de la <a href=\"https:\/\/inclusio.gva.es\/es\/\">Conselleria de Servicios Sociales, Igualdad y Vivienda<\/a>, y nuestra directora general, <a href=\"https:\/\/www.linkedin.com\/feed\/update\/urn:li:activity:7201667356538863616\/\">Elena Biurrun<\/a>.<\/p>\n\n\n\n<p class=\"has-medium-font-size\"><strong>Proyecto piloto de Asistencia Personal<\/strong><\/p>\n\n\n\n<p>El Proyecto de Asistencia Personal, gestionado por Fundaci\u00f3n Manantial, nace por el inter\u00e9s de la <a href=\"https:\/\/www.comunidad.madrid\/transparencia\/unidad-organizativa-responsable\/direccion-general-atencion-personas-discapacidad\">Direcci\u00f3n General de Atenci\u00f3n a Personas con Discapacidad de la Consejer\u00eda de Familia, Juventud y Asuntos Sociales<\/a> por el dise\u00f1o, desarrollo e implantaci\u00f3n de un modelo de servicio de asistencia personal ajustado a las caracter\u00edsticas y necesidades de las personas con <strong>trastorno mental<\/strong> grave en la Comunidad de Madrid.<\/p>\n\n\n\n<p>Este proyecto est\u00e1 <strong>financiado al 100% por la Uni\u00f3n Europea<\/strong> (Next Generation) en el marco del <a href=\"https:\/\/planderecuperacion.gob.es\/\">Plan de Recuperaci\u00f3n, Transformaci\u00f3n y Resiliencia.<\/a><\/p>\n","protected":false},"excerpt":{"rendered":"<p>Valladolid ha acogido los d\u00edas 29 y 30 de mayo el \u201cCongreso Internacional de Asistencia personal: Construyendo autonom\u00eda, vida independiente en la era tecnol\u00f3gica\u201d. En este congreso ha participado como ponente Antonio Perdig\u00f3n, director del Proyecto de Asistencia Personal que Fundaci\u00f3n Manantial desarrolla en la Comunidad de Madrid: \u201cLa asistencia personal no solo es una [&hellip;]<\/p>\n","protected":false},"author":5,"featured_media":7737,"comment_status":"closed","ping_status":"closed","sticky":false,"template":"","format":"standard","meta":{"_acf_changed":false,"give_campaign_id":0,"_seopress_robots_primary_cat":"none","_seopress_titles_title":"","_seopress_titles_desc":"","_seopress_robots_index":"","footnotes":""},"categories":[34,33,1],"tags":[107,64,65,111],"class_list":["post-7731","post","type-post","status-publish","format-standard","has-post-thumbnail","hentry","category-noticias-fundacion-manantial","category-noticias","category-sin-categorizar","tag-estigma","tag-recuperacion","tag-salud-mental","tag-sensibilizacion"],"acf":[],"_links":{"self":[{"href":"https:\/\/www.fundacionmanantial.org\/en\/wp-json\/wp\/v2\/posts\/7731","targetHints":{"allow":["GET"]}}],"collection":[{"href":"https:\/\/www.fundacionmanantial.org\/en\/wp-json\/wp\/v2\/posts"}],"about":[{"href":"https:\/\/www.fundacionmanantial.org\/en\/wp-json\/wp\/v2\/types\/post"}],"author":[{"embeddable":true,"href":"https:\/\/www.fundacionmanantial.org\/en\/wp-json\/wp\/v2\/users\/5"}],"replies":[{"embeddable":true,"href":"https:\/\/www.fundacionmanantial.org\/en\/wp-json\/wp\/v2\/comments?post=7731"}],"version-history":[{"count":0,"href":"https:\/\/www.fundacionmanantial.org\/en\/wp-json\/wp\/v2\/posts\/7731\/revisions"}],"wp:featuredmedia":[{"embeddable":true,"href":"https:\/\/www.fundacionmanantial.org\/en\/wp-json\/wp\/v2\/media\/7737"}],"wp:attachment":[{"href":"https:\/\/www.fundacionmanantial.org\/en\/wp-json\/wp\/v2\/media?parent=7731"}],"wp:term":[{"taxonomy":"category","embeddable":true,"href":"https:\/\/www.fundacionmanantial.org\/en\/wp-json\/wp\/v2\/categories?post=7731"},{"taxonomy":"post_tag","embeddable":true,"href":"https:\/\/www.fundacionmanantial.org\/en\/wp-json\/wp\/v2\/tags?post=7731"}],"curies":[{"name":"wp","href":"https:\/\/api.w.org\/{rel}","templated":true}]}}