{"id":7696,"date":"2024-05-28T09:00:32","date_gmt":"2024-05-28T08:00:32","guid":{"rendered":"https:\/\/www.fundacionmanantial.org\/?p=7696"},"modified":"2024-05-30T13:35:28","modified_gmt":"2024-05-30T12:35:28","slug":"fundacion-telefonica-y-profuturo-se-sensibilizan-en-salud-mental-con-fundacion-manantial","status":"publish","type":"post","link":"https:\/\/www.fundacionmanantial.org\/en\/fundacion-telefonica-y-profuturo-se-sensibilizan-en-salud-mental-con-fundacion-manantial\/","title":{"rendered":"Fundaci\u00f3n Manantial y la salud mental en el encuentro de Fundaci\u00f3n Telef\u00f3nica y ProFuturo"},"content":{"rendered":"\n<p><strong>Fundaci\u00f3n Manantial<\/strong> ha participado en el encuentro peri\u00f3dico All Hands con profesionales de <a href=\"https:\/\/www.fundaciontelefonica.com\/\" target=\"_blank\" rel=\"noreferrer noopener\">Fundaci\u00f3n Telef\u00f3nica<\/a> y <a href=\"https:\/\/www.fundaciontelefonica.com\/educacion\/profuturo\/\" target=\"_blank\" rel=\"noreferrer noopener\">ProFuturo<\/a>, programa de educaci\u00f3n digital impulsado por Fundaci\u00f3n Telef\u00f3nica y Fundaci\u00f3n la Caixa. Durante el encuentro, Fundaci\u00f3n Manantial ha acercado su trabajo y ha mostrado <strong>cu\u00e1les son los obst\u00e1culos que la sociedad sigue poniendo a las personas con problemas de salud mental<\/strong> en sus proceso de plena recuperaci\u00f3n e inclusi\u00f3n.<\/p>\n\n\n\n<p>Las personas empleadas de Fundaci\u00f3n Telef\u00f3nica y Fundaci\u00f3n ProFuturo han escuchado las <strong>experiencias en primera persona de Silvia Garc\u00eda y Tommy Agudo<\/strong>, moderados por Miriam Cano (voluntaria de Telef\u00f3nica), que han contado <strong>qu\u00e9 supone tener un problema de salud mental<\/strong> y c\u00f3mo Fundaci\u00f3n Manantial les ha ayudado a <strong>recuperar sus proyectos de vida<\/strong> a trav\u00e9s de sus <strong>procesos de rehabilitaci\u00f3n laboral<\/strong> en los Centros de Rehabilitaci\u00f3n Laboral de &#8220;San Blas&#8221; y &#8220;Hortaleza&#8221;. Adem\u00e1s, han mostrado <strong>las barreras que se siguen encontrando y el impacto de los prejuicios y el estigma en la inclusi\u00f3n social y laboral.<\/strong><\/p>\n\n\n\n<p>En el encuentro tambi\u00e9n se ha proyectado el tr\u00e1iler del <strong>documental <em><a href=\"https:\/\/www.fundacionmanantial.org\/cortometraje-luciernagas-fundacion-manantial-radio-5\/\" target=\"_blank\" rel=\"noreferrer noopener\">Luci\u00e9rnagas<\/a><\/em><\/strong>, en el que tanto Silvia como Tommy han participado, y que es un ejemplo excelente de lo que a\u00fan nos queda como sociedad para <strong>derribar las ideas que tenemos sobre las personas con problemas de salud mental<\/strong>. Su experiencia de vida ofrece en el documental una mirada nueva, menos recelosa y m\u00e1s humana, ante un colectivo diverso y valioso que forma parte de nuestra realidad.<\/p>\n\n\n\n<p>&#8220;Es una suerte poder generar espacios para compartir, rode\u00e1ndome de equipos humanos y profesionales de tanto nivel y con tanto que ense\u00f1ar. <strong>Proyectos como este son el reflejo del impacto positivo que el voluntariado tiene en la sociedad<\/strong>&#8220;, afirmaba tras el encuentro <a href=\"https:\/\/www.linkedin.com\/in\/marta-mar%C3%ADn-su%C3%A1rez-176747133\/\" target=\"_blank\" rel=\"noreferrer noopener\">Marta Mar\u00edn<\/a>, de Acci\u00f3n social, innovaci\u00f3n y voluntariado de Fundaci\u00f3n Telef\u00f3nica.<\/p>\n\n\n\n<p>Fundaci\u00f3n Manantial y Fundaci\u00f3n Telef\u00f3nica llevan colaborando <strong>m\u00e1s de 10 a\u00f1os a trav\u00e9s de proyectos de voluntariado corporativo.<\/strong><\/p>\n","protected":false},"excerpt":{"rendered":"<p>Fundaci\u00f3n Manantial ha participado en el encuentro peri\u00f3dico All Hands con profesionales de Fundaci\u00f3n Telef\u00f3nica y ProFuturo, programa de educaci\u00f3n digital impulsado por Fundaci\u00f3n Telef\u00f3nica y Fundaci\u00f3n la Caixa. Durante el encuentro, Fundaci\u00f3n Manantial ha acercado su trabajo y ha mostrado cu\u00e1les son los obst\u00e1culos que la sociedad sigue poniendo a las personas con problemas [&hellip;]<\/p>\n","protected":false},"author":7,"featured_media":7721,"comment_status":"closed","ping_status":"closed","sticky":false,"template":"","format":"standard","meta":{"_acf_changed":false,"give_campaign_id":0,"_seopress_robots_primary_cat":"none","_seopress_titles_title":"","_seopress_titles_desc":"","_seopress_robots_index":"","footnotes":""},"categories":[34,33,1],"tags":[749,60,84,85,242,61,64,65,180,111],"class_list":["post-7696","post","type-post","status-publish","format-standard","has-post-thumbnail","hentry","category-noticias-fundacion-manantial","category-noticias","category-sin-categorizar","tag-documental","tag-empleo","tag-formacion","tag-fundacion-manantial","tag-fundacionmanantial","tag-inclusion","tag-recuperacion","tag-salud-mental","tag-saludmental","tag-sensibilizacion"],"acf":[],"_links":{"self":[{"href":"https:\/\/www.fundacionmanantial.org\/en\/wp-json\/wp\/v2\/posts\/7696","targetHints":{"allow":["GET"]}}],"collection":[{"href":"https:\/\/www.fundacionmanantial.org\/en\/wp-json\/wp\/v2\/posts"}],"about":[{"href":"https:\/\/www.fundacionmanantial.org\/en\/wp-json\/wp\/v2\/types\/post"}],"author":[{"embeddable":true,"href":"https:\/\/www.fundacionmanantial.org\/en\/wp-json\/wp\/v2\/users\/7"}],"replies":[{"embeddable":true,"href":"https:\/\/www.fundacionmanantial.org\/en\/wp-json\/wp\/v2\/comments?post=7696"}],"version-history":[{"count":0,"href":"https:\/\/www.fundacionmanantial.org\/en\/wp-json\/wp\/v2\/posts\/7696\/revisions"}],"wp:featuredmedia":[{"embeddable":true,"href":"https:\/\/www.fundacionmanantial.org\/en\/wp-json\/wp\/v2\/media\/7721"}],"wp:attachment":[{"href":"https:\/\/www.fundacionmanantial.org\/en\/wp-json\/wp\/v2\/media?parent=7696"}],"wp:term":[{"taxonomy":"category","embeddable":true,"href":"https:\/\/www.fundacionmanantial.org\/en\/wp-json\/wp\/v2\/categories?post=7696"},{"taxonomy":"post_tag","embeddable":true,"href":"https:\/\/www.fundacionmanantial.org\/en\/wp-json\/wp\/v2\/tags?post=7696"}],"curies":[{"name":"wp","href":"https:\/\/api.w.org\/{rel}","templated":true}]}}