{"id":7688,"date":"2024-05-27T10:58:47","date_gmt":"2024-05-27T09:58:47","guid":{"rendered":"https:\/\/www.fundacionmanantial.org\/?p=7688"},"modified":"2024-05-27T11:01:23","modified_gmt":"2024-05-27T10:01:23","slug":"luciernagas-cortometraje-finalista-de-los-premios-fugaz-2024","status":"publish","type":"post","link":"https:\/\/www.fundacionmanantial.org\/en\/luciernagas-cortometraje-finalista-de-los-premios-fugaz-2024\/","title":{"rendered":"\u00abLuci\u00e9rnagas\u00bb, cortometraje finalista de los Premios Fugaz 2024"},"content":{"rendered":"\n<p>El cortometraje documental <strong><a href=\"https:\/\/www.fundacionmanantial.org\/cortometraje-luciernagas-fundacion-manantial-radio-5\/\" target=\"_blank\" rel=\"noreferrer noopener\"><em>Luci\u00e9rnagas<\/em><\/a><\/strong>, de <strong>Fundaci\u00f3n Manantial<\/strong> y&nbsp;<strong>LopezLi Films<\/strong>, ha sido seleccionado&nbsp;como finalista de los Premios Fugaz 2024. Ahora los 50 trabajos nominados pasar\u00e1n a ser valorados por la Comisi\u00f3n de m\u00e1s de 1.500 profesionales del sector que decide los galardones. La gala de entrega de premios se celebrar\u00e1 el&nbsp;<strong>18 de junio a las 20:00 horas.<\/strong><\/p>\n\n\n\n<p><em>Luci\u00e9rnagas <\/em>ofrece <strong>una mirada nueva, menos recelosa y m\u00e1s humana de las personas con problemas graves de\u00a0salud mental.<\/strong><\/p>\n\n\n\n<p>Los protagonistas son&nbsp;<strong>luci\u00e9rnagas que conviven con el sufrimiento mental y desde la oscuridad luchan para ser vistas, aceptadas e integradas<\/strong>. A los que albergan la esperanza de que algo les cure de la realidad, les queda un sue\u00f1o: formar parte de ella.<\/p>\n\n\n\n<p>En diciembre de 2023&nbsp;<strong><a href=\"https:\/\/www.fundacionmanantial.org\/fundacion-manantial-presenta-luciernagas-un-cortometraje-documental-para-concienciar-sobre-la-inclusion-de-las-personas-con-problemas-de-salud-mental\/\" target=\"_blank\" rel=\"noreferrer noopener\">se pre estren\u00f3 ante 200 personas en la Sala Azcona de Cineteca Madrid<\/a>,&nbsp;<\/strong>con la colaboraci\u00f3n del Ayuntamiento de Madrid y Madrid Destino. <\/p>\n","protected":false},"excerpt":{"rendered":"<p>El cortometraje documental Luci\u00e9rnagas, de Fundaci\u00f3n Manantial y&nbsp;LopezLi Films, ha sido seleccionado&nbsp;como finalista de los Premios Fugaz 2024. Ahora los 50 trabajos nominados pasar\u00e1n a ser valorados por la Comisi\u00f3n de m\u00e1s de 1.500 profesionales del sector que decide los galardones. La gala de entrega de premios se celebrar\u00e1 el&nbsp;18 de junio a las 20:00 [&hellip;]<\/p>\n","protected":false},"author":7,"featured_media":7691,"comment_status":"closed","ping_status":"closed","sticky":false,"template":"","format":"standard","meta":{"_acf_changed":false,"give_campaign_id":0,"_seopress_robots_primary_cat":"none","_seopress_titles_title":"","_seopress_titles_desc":"","_seopress_robots_index":"","footnotes":""},"categories":[34,33,1],"tags":[107,780,85,242,61,64,65,180,111],"class_list":["post-7688","post","type-post","status-publish","format-standard","has-post-thumbnail","hentry","category-noticias-fundacion-manantial","category-noticias","category-sin-categorizar","tag-estigma","tag-fugaz","tag-fundacion-manantial","tag-fundacionmanantial","tag-inclusion","tag-recuperacion","tag-salud-mental","tag-saludmental","tag-sensibilizacion"],"acf":[],"_links":{"self":[{"href":"https:\/\/www.fundacionmanantial.org\/en\/wp-json\/wp\/v2\/posts\/7688","targetHints":{"allow":["GET"]}}],"collection":[{"href":"https:\/\/www.fundacionmanantial.org\/en\/wp-json\/wp\/v2\/posts"}],"about":[{"href":"https:\/\/www.fundacionmanantial.org\/en\/wp-json\/wp\/v2\/types\/post"}],"author":[{"embeddable":true,"href":"https:\/\/www.fundacionmanantial.org\/en\/wp-json\/wp\/v2\/users\/7"}],"replies":[{"embeddable":true,"href":"https:\/\/www.fundacionmanantial.org\/en\/wp-json\/wp\/v2\/comments?post=7688"}],"version-history":[{"count":0,"href":"https:\/\/www.fundacionmanantial.org\/en\/wp-json\/wp\/v2\/posts\/7688\/revisions"}],"wp:featuredmedia":[{"embeddable":true,"href":"https:\/\/www.fundacionmanantial.org\/en\/wp-json\/wp\/v2\/media\/7691"}],"wp:attachment":[{"href":"https:\/\/www.fundacionmanantial.org\/en\/wp-json\/wp\/v2\/media?parent=7688"}],"wp:term":[{"taxonomy":"category","embeddable":true,"href":"https:\/\/www.fundacionmanantial.org\/en\/wp-json\/wp\/v2\/categories?post=7688"},{"taxonomy":"post_tag","embeddable":true,"href":"https:\/\/www.fundacionmanantial.org\/en\/wp-json\/wp\/v2\/tags?post=7688"}],"curies":[{"name":"wp","href":"https:\/\/api.w.org\/{rel}","templated":true}]}}