{"id":7290,"date":"2024-05-30T07:42:11","date_gmt":"2024-05-30T06:42:11","guid":{"rendered":"https:\/\/www.fundacionmanantial.org\/?p=7290"},"modified":"2024-05-30T07:42:16","modified_gmt":"2024-05-30T06:42:16","slug":"fundacion-manantial-pone-en-marcha-su-nuevo-servicio-para-la-promocion-de-la-autonomia-personal","status":"publish","type":"post","link":"https:\/\/www.fundacionmanantial.org\/en\/fundacion-manantial-pone-en-marcha-su-nuevo-servicio-para-la-promocion-de-la-autonomia-personal\/","title":{"rendered":"Fundaci\u00f3n Manantial pone en marcha su nuevo Servicio para la Promoci\u00f3n de la Autonom\u00eda Personal"},"content":{"rendered":"\n<p>En Fundaci\u00f3n Manantial hemos puesto en marcha el nuevo <strong>Servicio para la Promoci\u00f3n de la Autonom\u00eda Personal<\/strong>, un servicio <strong>privado<\/strong> con el que ofrecemos una asistencia centrada en las personas con problemas de <strong>salud mental<\/strong> que residan en la <a href=\"https:\/\/www.comunidad.madrid\/\">Comunidad de Madrid<\/a>.<\/p>\n\n\n\n<p>Con el fin de que la persona pueda <strong>promover su autonom\u00eda<\/strong> y tener una<strong> vida independiente<\/strong>, le ofrecemos soporte psicosocial, socioeducativo, acompa\u00f1amientos, y orientaci\u00f3n financiera y jur\u00eddica. Adem\u00e1s, facilitamos la mejora de las redes sociales de apoyo, ocio y tiempo libre.<\/p>\n\n\n\n<p>Para Fundaci\u00f3n Manantial las familias son esenciales. Por este motivo, les prestamos los apoyos necesarios para la mediaci\u00f3n, el manejo de habilidades de comunicaci\u00f3n y soluci\u00f3n de problemas.<\/p>\n\n\n\n<p class=\"has-large-font-size\"><strong>Ofrecemos tres tipos de asistencia<\/strong><\/p>\n\n\n\n<p><strong>\u201cAsistencia Personal B\u00e1sica<\/strong>\u201d: apoyo para la autonom\u00eda personal y en el domicilio, seguimiento de la atenci\u00f3n a la salud en general y sociosanitario de la salud mental, mejora de las relaciones sociales y apoyo al ocio, formaci\u00f3n e inclusi\u00f3n laboral, reconocimiento y obtenci\u00f3n de certificados de discapacidad, dependencia, pensiones y otras prestaciones econ\u00f3micas.<\/p>\n\n\n\n<p><strong>&nbsp;\u201cAcompa\u00f1amiento Terap\u00e9utico\u201d<\/strong>: servicios de \u201cAsistencia Personal B\u00e1sica\u201d e intervenciones asistenciales en el domicilio y en la comunidad.<\/p>\n\n\n\n<p><strong>\u201cAsistencia Personal para la Vida Independiente\u201d<\/strong>: servicios de \u201cAsistencia Personal B\u00e1sica\u201d y apoyo en la toma de decisiones jur\u00eddicas y financieras.<\/p>\n\n\n\n<p>Ofrecemos una asistencia personal en las tareas del d\u00eda a d\u00eda para promover la autonom\u00eda y tener una vida independiente. Nuestras intervenciones se hacen en <strong>contextos reales de la vida cotidiana<\/strong> <strong>y comunitaria<\/strong>, y estar\u00e1n ajustadas a las demandas, objetivos y necesidades de la persona.<\/p>\n\n\n\n<p>Para m\u00e1s informaci\u00f3n, ll\u00e1manos al 913 717 272 o escr\u00edbenos al correo autonomiapersonal@fundacionmanantial.org<\/p>\n\n\n\n<p>Descarga nuestro<a href=\"https:\/\/www.fundacionmanantial.org\/wp-content\/uploads\/2024\/05\/4.FOLLETO-A5-AUTONOMIA-PERSONAL-1.pdf\"> folleto informativo<\/a><\/p>\n","protected":false},"excerpt":{"rendered":"<p>En Fundaci\u00f3n Manantial hemos puesto en marcha el nuevo Servicio para la Promoci\u00f3n de la Autonom\u00eda Personal, un servicio privado con el que ofrecemos una asistencia centrada en las personas con problemas de salud mental que residan en la Comunidad de Madrid. Con el fin de que la persona pueda promover su autonom\u00eda y tener [&hellip;]<\/p>\n","protected":false},"author":5,"featured_media":7581,"comment_status":"closed","ping_status":"closed","sticky":false,"template":"","format":"standard","meta":{"_acf_changed":false,"give_campaign_id":0,"_seopress_robots_primary_cat":"33","_seopress_titles_title":"","_seopress_titles_desc":"","_seopress_robots_index":"","footnotes":""},"categories":[34,33,1],"tags":[85,61,65],"class_list":["post-7290","post","type-post","status-publish","format-standard","has-post-thumbnail","hentry","category-noticias-fundacion-manantial","category-noticias","category-sin-categorizar","tag-fundacion-manantial","tag-inclusion","tag-salud-mental"],"acf":[],"_links":{"self":[{"href":"https:\/\/www.fundacionmanantial.org\/en\/wp-json\/wp\/v2\/posts\/7290","targetHints":{"allow":["GET"]}}],"collection":[{"href":"https:\/\/www.fundacionmanantial.org\/en\/wp-json\/wp\/v2\/posts"}],"about":[{"href":"https:\/\/www.fundacionmanantial.org\/en\/wp-json\/wp\/v2\/types\/post"}],"author":[{"embeddable":true,"href":"https:\/\/www.fundacionmanantial.org\/en\/wp-json\/wp\/v2\/users\/5"}],"replies":[{"embeddable":true,"href":"https:\/\/www.fundacionmanantial.org\/en\/wp-json\/wp\/v2\/comments?post=7290"}],"version-history":[{"count":0,"href":"https:\/\/www.fundacionmanantial.org\/en\/wp-json\/wp\/v2\/posts\/7290\/revisions"}],"wp:featuredmedia":[{"embeddable":true,"href":"https:\/\/www.fundacionmanantial.org\/en\/wp-json\/wp\/v2\/media\/7581"}],"wp:attachment":[{"href":"https:\/\/www.fundacionmanantial.org\/en\/wp-json\/wp\/v2\/media?parent=7290"}],"wp:term":[{"taxonomy":"category","embeddable":true,"href":"https:\/\/www.fundacionmanantial.org\/en\/wp-json\/wp\/v2\/categories?post=7290"},{"taxonomy":"post_tag","embeddable":true,"href":"https:\/\/www.fundacionmanantial.org\/en\/wp-json\/wp\/v2\/tags?post=7290"}],"curies":[{"name":"wp","href":"https:\/\/api.w.org\/{rel}","templated":true}]}}