{"id":6851,"date":"2024-04-25T11:15:22","date_gmt":"2024-04-25T10:15:22","guid":{"rendered":"https:\/\/www.fundacionmanantial.org\/?p=6851"},"modified":"2024-04-25T11:15:22","modified_gmt":"2024-04-25T10:15:22","slug":"formacion-para-fomentar-la-inclusion-laboral-en-salud-mental","status":"publish","type":"post","link":"https:\/\/www.fundacionmanantial.org\/en\/formacion-para-fomentar-la-inclusion-laboral-en-salud-mental\/","title":{"rendered":"Formaci\u00f3n para fomentar la inclusi\u00f3n laboral en salud mental"},"content":{"rendered":"\n<p>Este a\u00f1o, Fundaci\u00f3n Manantial vuelve a poner en marcha un <strong>taller de B\u00fasqueda Activa de Empleo<\/strong>, en el marco del <strong>Programa Itinerarios Integrados de Inserci\u00f3n Sociolaboral<\/strong> de personas adultas con problemas de salud mental.<\/p>\n\n\n\n<p>Durante los d\u00edas 23, 24 y 25 de abril se organizar\u00e1n sesiones de trabajo en las que el grupo de participantes podr\u00e1<strong> reflexionar sobre sus perfiles competenciales, conocer las herramientas <\/strong>m\u00e1s significativas para la venta de su candidatura y podr\u00e1n <strong>entrenarse en la situaci\u00f3n de entrevistas de trabajo.<\/strong><\/p>\n\n\n\n<p>Se trata de un grupo de <strong>nueve personas<\/strong> motivadas por promocionar su perfil profesional y adquirir las competencias necesarias para realizar el proceso de la forma m\u00e1s efectiva posible.<\/p>\n\n\n\n<p><strong>Trabajar estos aspectos de forma grupal favorece el entrenamiento<\/strong> en las competencias, adem\u00e1s de <strong>fortalecer v\u00ednculos<\/strong> entre las personas participantes ampliando, de esta forma, su propia red de contactos.<\/p>\n\n\n\n<p>La metodolog\u00eda que se utiliza es <strong>pr\u00e1ctica, din\u00e1mica y participativa<\/strong>, lo que sirve de motor para el cambio de actitudes, de motivaci\u00f3n e impulso entre el propio grupo.<\/p>\n\n\n\n<p>Nuestra agradecimiento a la <a href=\"https:\/\/www.fundaciocaixarural.org\/es\/\"><strong>Fundaci\u00f3n Caixa Rural de Vila-real<\/strong><\/a> por cedernos el espacio del Centro Social para la puesta en pr\u00e1ctica de estas competencias tan necesarias para <strong>aumentar las probabilidades de acceso a un empleo.<\/strong><\/p>\n\n\n\n<p>El Programa de Itinerarios integrados est\u00e1 cofinanciado por la Uni\u00f3n Europea en el marco del <strong><a href=\"https:\/\/inclusio.gva.es\/es\/web\/igualdad-diversidad\/programes-europeus-kumpania\/periode-de-programacio-2021-2027\" target=\"_blank\" rel=\"noreferrer noopener\">Programa Fondo Social Europeo Plus (FSE+) Comunitat Valenciana 2021-2027<\/a><\/strong>, a trav\u00e9s de la <a href=\"https:\/\/inclusio.gva.es\/es\/\" target=\"_blank\" rel=\"noreferrer noopener\">Vicepresidencia Segunda y Conselleria de Servicios Sociales, Igualdad y Vivienda<\/a>. El objetivo es <strong>favorecer la formaci\u00f3n y el acceso al empleo<\/strong>, y Fundaci\u00f3n Manantial lo desarrolla desde el a\u00f1o 2018.<\/p>\n","protected":false},"excerpt":{"rendered":"<p>Este a\u00f1o, Fundaci\u00f3n Manantial vuelve a poner en marcha un taller de B\u00fasqueda Activa de Empleo, en el marco del Programa Itinerarios Integrados de Inserci\u00f3n Sociolaboral de personas adultas con problemas de salud mental. Durante los d\u00edas 23, 24 y 25 de abril se organizar\u00e1n sesiones de trabajo en las que el grupo de participantes [&hellip;]<\/p>\n","protected":false},"author":7,"featured_media":0,"comment_status":"closed","ping_status":"","sticky":false,"template":"","format":"standard","meta":{"_acf_changed":false,"give_campaign_id":0,"_seopress_robots_primary_cat":"","_seopress_titles_title":"","_seopress_titles_desc":"","_seopress_robots_index":"","footnotes":""},"categories":[34,1,53],"tags":[60,84,85,61,64,65],"class_list":["post-6851","post","type-post","status-publish","format-standard","hentry","category-noticias-fundacion-manantial","category-sin-categorizar","category-sin-categorizar-2","tag-empleo","tag-formacion","tag-fundacion-manantial","tag-inclusion","tag-recuperacion","tag-salud-mental"],"acf":[],"_links":{"self":[{"href":"https:\/\/www.fundacionmanantial.org\/en\/wp-json\/wp\/v2\/posts\/6851","targetHints":{"allow":["GET"]}}],"collection":[{"href":"https:\/\/www.fundacionmanantial.org\/en\/wp-json\/wp\/v2\/posts"}],"about":[{"href":"https:\/\/www.fundacionmanantial.org\/en\/wp-json\/wp\/v2\/types\/post"}],"author":[{"embeddable":true,"href":"https:\/\/www.fundacionmanantial.org\/en\/wp-json\/wp\/v2\/users\/7"}],"replies":[{"embeddable":true,"href":"https:\/\/www.fundacionmanantial.org\/en\/wp-json\/wp\/v2\/comments?post=6851"}],"version-history":[{"count":0,"href":"https:\/\/www.fundacionmanantial.org\/en\/wp-json\/wp\/v2\/posts\/6851\/revisions"}],"wp:attachment":[{"href":"https:\/\/www.fundacionmanantial.org\/en\/wp-json\/wp\/v2\/media?parent=6851"}],"wp:term":[{"taxonomy":"category","embeddable":true,"href":"https:\/\/www.fundacionmanantial.org\/en\/wp-json\/wp\/v2\/categories?post=6851"},{"taxonomy":"post_tag","embeddable":true,"href":"https:\/\/www.fundacionmanantial.org\/en\/wp-json\/wp\/v2\/tags?post=6851"}],"curies":[{"name":"wp","href":"https:\/\/api.w.org\/{rel}","templated":true}]}}