{"id":5084,"date":"2024-02-28T12:49:39","date_gmt":"2024-02-28T11:49:39","guid":{"rendered":"https:\/\/www.fundacionmanantial.org\/?p=5084"},"modified":"2024-02-29T08:50:21","modified_gmt":"2024-02-29T07:50:21","slug":"el-alcalde-de-arganda-del-rey-visita-los-centros-de-fundacion-manantial","status":"publish","type":"post","link":"https:\/\/www.fundacionmanantial.org\/en\/el-alcalde-de-arganda-del-rey-visita-los-centros-de-fundacion-manantial\/","title":{"rendered":"El alcalde de Arganda del Rey visita los centros de Fundaci\u00f3n Manantial"},"content":{"rendered":"<p>El alcalde de <strong>Arganda del Rey<\/strong>, <a href=\"https:\/\/www.linkedin.com\/in\/albertoescribanogarc%C3%ADa\/\" target=\"_blank\" rel=\"noopener\">Alberto Escribano<\/a>, acompa\u00f1ado de la concejala delegada de Bienestar Social, Igualdad, Salud P\u00fablica y La Poveda, Mar\u00eda Camacho Garc\u00eda, han visitado el Centro de Rehabilitaci\u00f3n Psicosocial y el Equipo de Apoyo Social Comunitario (EASC) Arganda Rural, pertenecientes a la <a href=\"https:\/\/www.comunidad.madrid\/servicios\/servicios-sociales\/red-atencion-social-personas-enfermedad-mental\" target=\"_blank\" rel=\"noopener\">Red de Atenci\u00f3n Social a personas con enfermedad mental<\/a> de la <a href=\"https:\/\/www.comunidad.madrid\/transparencia\/unidad-organizativa-responsable\/consejeria-familia-juventud-y-asuntos-sociales\" target=\"_blank\" rel=\"noopener\">Consejer\u00eda de Familia, Juventud y Asuntos Sociales.<\/a><\/p>\n<p>Es la <strong>primera vez<\/strong> que un alcalde de este municipio visita los centros de Fundaci\u00f3n Manantial. El objetivo ha sido que Alberto Escribano conociese el valor que tienen los trabajos que se realizan en estos recursos.<\/p>\n<p>En esta visita tambi\u00e9n han estado presentes la <strong>directora general<\/strong> de Fundaci\u00f3n Manantial, <a href=\"https:\/\/www.linkedin.com\/in\/elena-biurrun-sainz-de-rozas-8b0575173\/\" target=\"_blank\" rel=\"noopener\">Elena Biurrun<\/a>, y el <strong>director de los Recursos de Atenci\u00f3n Social<\/strong> de la Fundaci\u00f3n, <a href=\"https:\/\/www.linkedin.com\/in\/ra%C3%BAl-g%C3%B3mez-g%C3%B3mez-b14578254\/\" target=\"_blank\" rel=\"noopener\">Ra\u00fal G\u00f3mez<\/a>.<\/p>\n<p>Aprovechando este encuentro, se ha realizado una tertulia radiof\u00f3nica en el podcast \u201c<strong>Selavi<\/strong>\u201d, moderada por dos personas usuarias de estos centros. En este coloquio se han abordado temas como la importancia de la <strong>salud mental<\/strong>, el <strong>estigma<\/strong>, la recuperaci\u00f3n y la repercusi\u00f3n que tienen estos centros tanto para las personas que se atiende en ellos como para la comunidad.<\/p>\n<p>En su visita, Alberto Escribano ha destacado la necesidad de que \u201cla salud mental no vuelva a ser un tema tab\u00fa jam\u00e1s\u201d.<\/p>\n","protected":false},"excerpt":{"rendered":"<p>El alcalde de Arganda del Rey, Alberto Escribano, acompa\u00f1ado de la concejala delegada de Bienestar Social, Igualdad, Salud P\u00fablica y La Poveda, Mar\u00eda Camacho Garc\u00eda, han visitado el Centro de Rehabilitaci\u00f3n Psicosocial y el Equipo de Apoyo Social Comunitario (EASC) Arganda Rural, pertenecientes a la Red de Atenci\u00f3n Social a personas con enfermedad mental de [&hellip;]<\/p>\n","protected":false},"author":5,"featured_media":5094,"comment_status":"closed","ping_status":"closed","sticky":false,"template":"","format":"standard","meta":{"_acf_changed":false,"give_campaign_id":0,"_seopress_robots_primary_cat":"none","_seopress_titles_title":"","_seopress_titles_desc":"","_seopress_robots_index":"","footnotes":""},"categories":[34,33],"tags":[],"class_list":["post-5084","post","type-post","status-publish","format-standard","has-post-thumbnail","hentry","category-noticias-fundacion-manantial","category-noticias"],"acf":[],"_links":{"self":[{"href":"https:\/\/www.fundacionmanantial.org\/en\/wp-json\/wp\/v2\/posts\/5084","targetHints":{"allow":["GET"]}}],"collection":[{"href":"https:\/\/www.fundacionmanantial.org\/en\/wp-json\/wp\/v2\/posts"}],"about":[{"href":"https:\/\/www.fundacionmanantial.org\/en\/wp-json\/wp\/v2\/types\/post"}],"author":[{"embeddable":true,"href":"https:\/\/www.fundacionmanantial.org\/en\/wp-json\/wp\/v2\/users\/5"}],"replies":[{"embeddable":true,"href":"https:\/\/www.fundacionmanantial.org\/en\/wp-json\/wp\/v2\/comments?post=5084"}],"version-history":[{"count":0,"href":"https:\/\/www.fundacionmanantial.org\/en\/wp-json\/wp\/v2\/posts\/5084\/revisions"}],"wp:featuredmedia":[{"embeddable":true,"href":"https:\/\/www.fundacionmanantial.org\/en\/wp-json\/wp\/v2\/media\/5094"}],"wp:attachment":[{"href":"https:\/\/www.fundacionmanantial.org\/en\/wp-json\/wp\/v2\/media?parent=5084"}],"wp:term":[{"taxonomy":"category","embeddable":true,"href":"https:\/\/www.fundacionmanantial.org\/en\/wp-json\/wp\/v2\/categories?post=5084"},{"taxonomy":"post_tag","embeddable":true,"href":"https:\/\/www.fundacionmanantial.org\/en\/wp-json\/wp\/v2\/tags?post=5084"}],"curies":[{"name":"wp","href":"https:\/\/api.w.org\/{rel}","templated":true}]}}