{"id":5056,"date":"2024-03-01T09:42:07","date_gmt":"2024-03-01T08:42:07","guid":{"rendered":"https:\/\/www.fundacionmanantial.org\/?p=5056"},"modified":"2024-03-01T10:34:58","modified_gmt":"2024-03-01T09:34:58","slug":"luciernagas-seleccionado-en-el-valkyrie-international-film-festival-de-estados-unidos","status":"publish","type":"post","link":"https:\/\/www.fundacionmanantial.org\/en\/luciernagas-seleccionado-en-el-valkyrie-international-film-festival-de-estados-unidos\/","title":{"rendered":"&#8220;Luci\u00e9rnagas&#8221;, seleccionado en el Valkyrie International Film Festival de Estados Unidos"},"content":{"rendered":"<p>El documental <strong><a href=\"https:\/\/www.fundacionmanantial.org\/fundacion-manantial-presenta-luciernagas-un-cortometraje-documental-para-concienciar-sobre-la-inclusion-de-las-personas-con-problemas-de-salud-mental\/\" target=\"_blank\" rel=\"noopener\">&#8220;Luci\u00e9rnagas&#8221;<\/a><\/strong>, de <strong>Fundaci\u00f3n Manantial y <a href=\"https:\/\/lopezlifilms.com\/\" target=\"_blank\" rel=\"noopener\">LopezLi Films<\/a><\/strong>, ha sido seleccionado<span style=\"font-weight: 400;\"> en el certamen <a href=\"https:\/\/www.valkyriefilmfest.com\/2024-schedule\" target=\"_blank\" rel=\"noopener\">Valkyrie International Film Festival<\/a>, un festival que premia pel\u00edculas dirigidas por mujeres y que se celebra del 21 al 25 de marzo de 2024 en Nueva York, Estados Unidos. <em>Luci\u00e9rnagas<\/em> (<em>Fireflyes<\/em> en su traducci\u00f3n al ingl\u00e9s), dirigida por\u00a0<a href=\"https:\/\/www.filmin.es\/directora\/cristina-otero-roth\" target=\"_blank\" rel=\"noopener\">Cristina Otero Roth<\/a>, ofrece<\/span>\u00a0<strong>una mirada nueva, menos recelosa y m\u00e1s humana de las personas con problemas graves de salud mental.<\/strong><\/p>\n<p>Las personas protagonistas de la cinta son <strong>luci\u00e9rnagas que conviven con el sufrimiento mental y desde la oscuridad luchan para ser vistas, aceptadas e integradas<\/strong>. A los que albergan la esperanza de que algo les cure de la realidad, les queda un sue\u00f1o: formar parte de ella.\u00a0<strong>Luci\u00e9rnagas es una luz para acabar con el estigma de la salud mental<\/strong>.<\/p>\n<p>El objetivo de Luci\u00e9rnagas es\u00a0<strong>cambiar los esquemas sociales, los prejuicios, ver m\u00e1s all\u00e1 del diagn\u00f3stico<\/strong>. Un documental que haga pensar qu\u00e9 puedes hacer para facilitar la vida de estas personas.<\/p>\n<p>En diciembre de 2023 <strong><a href=\"https:\/\/www.fundacionmanantial.org\/fundacion-manantial-presenta-luciernagas-un-cortometraje-documental-para-concienciar-sobre-la-inclusion-de-las-personas-con-problemas-de-salud-mental\/\" target=\"_blank\" rel=\"noopener\">se pre estren\u00f3 ante 200 personas en la Sala Azcona de Cineteca Madrid<\/a>,\u00a0<\/strong>con la colaboraci\u00f3n del Ayuntamiento de Madrid y Madrid Destino. En la actualidad, el documental se est\u00e1 presentando a distintos festivales y se estrenar\u00e1, previsiblemente, a finales de 2024 o principios de 2025.<\/p>\n<p><iframe title=\"LUCIE\u0301RNAGAS - Tr\u00e1iler documental\" width=\"500\" height=\"281\" src=\"https:\/\/www.youtube.com\/embed\/aDUgYqYldhE?feature=oembed\" frameborder=\"0\" allow=\"accelerometer; autoplay; clipboard-write; encrypted-media; gyroscope; picture-in-picture; web-share\" referrerpolicy=\"strict-origin-when-cross-origin\" allowfullscreen><\/iframe><\/p>\n<p>&nbsp;<\/p>\n<p>&nbsp;<\/p>\n<p>&nbsp;<\/p>\n","protected":false},"excerpt":{"rendered":"<p>El documental &#8220;Luci\u00e9rnagas&#8221;, de Fundaci\u00f3n Manantial y LopezLi Films, ha sido seleccionado en el certamen Valkyrie International Film Festival, un festival que premia pel\u00edculas dirigidas por mujeres y que se celebra del 21 al 25 de marzo de 2024 en Nueva York, Estados Unidos. Luci\u00e9rnagas (Fireflyes en su traducci\u00f3n al ingl\u00e9s), dirigida por\u00a0Cristina Otero Roth, [&hellip;]<\/p>\n","protected":false},"author":7,"featured_media":5060,"comment_status":"closed","ping_status":"closed","sticky":false,"template":"","format":"standard","meta":{"_acf_changed":false,"give_campaign_id":0,"_seopress_robots_primary_cat":"none","_seopress_titles_title":"","_seopress_titles_desc":"","_seopress_robots_index":"","footnotes":""},"categories":[34],"tags":[],"class_list":["post-5056","post","type-post","status-publish","format-standard","has-post-thumbnail","hentry","category-noticias-fundacion-manantial"],"acf":[],"_links":{"self":[{"href":"https:\/\/www.fundacionmanantial.org\/en\/wp-json\/wp\/v2\/posts\/5056","targetHints":{"allow":["GET"]}}],"collection":[{"href":"https:\/\/www.fundacionmanantial.org\/en\/wp-json\/wp\/v2\/posts"}],"about":[{"href":"https:\/\/www.fundacionmanantial.org\/en\/wp-json\/wp\/v2\/types\/post"}],"author":[{"embeddable":true,"href":"https:\/\/www.fundacionmanantial.org\/en\/wp-json\/wp\/v2\/users\/7"}],"replies":[{"embeddable":true,"href":"https:\/\/www.fundacionmanantial.org\/en\/wp-json\/wp\/v2\/comments?post=5056"}],"version-history":[{"count":0,"href":"https:\/\/www.fundacionmanantial.org\/en\/wp-json\/wp\/v2\/posts\/5056\/revisions"}],"wp:featuredmedia":[{"embeddable":true,"href":"https:\/\/www.fundacionmanantial.org\/en\/wp-json\/wp\/v2\/media\/5060"}],"wp:attachment":[{"href":"https:\/\/www.fundacionmanantial.org\/en\/wp-json\/wp\/v2\/media?parent=5056"}],"wp:term":[{"taxonomy":"category","embeddable":true,"href":"https:\/\/www.fundacionmanantial.org\/en\/wp-json\/wp\/v2\/categories?post=5056"},{"taxonomy":"post_tag","embeddable":true,"href":"https:\/\/www.fundacionmanantial.org\/en\/wp-json\/wp\/v2\/tags?post=5056"}],"curies":[{"name":"wp","href":"https:\/\/api.w.org\/{rel}","templated":true}]}}