{"id":4809,"date":"2024-02-15T09:15:20","date_gmt":"2024-02-15T08:15:20","guid":{"rendered":"https:\/\/www.fundacionmanantial.org\/?p=4809"},"modified":"2024-02-16T09:27:15","modified_gmt":"2024-02-16T08:27:15","slug":"ovb-espana-y-fundacion-manantial-colaboran-para-impulsar-proyectos-de-inclusion-laboral-en-salud-mental","status":"publish","type":"post","link":"https:\/\/www.fundacionmanantial.org\/en\/ovb-espana-y-fundacion-manantial-colaboran-para-impulsar-proyectos-de-inclusion-laboral-en-salud-mental\/","title":{"rendered":"OVB Espa\u00f1a y Fundaci\u00f3n Manantial colaboran para impulsar proyectos de inclusi\u00f3n laboral en salud mental"},"content":{"rendered":"<p><a href=\"https:\/\/www.ovb.es\/\" target=\"_blank\" rel=\"noopener\">OVB Espa\u00f1a<\/a>, compa\u00f1\u00eda especializada en planificaci\u00f3n financiera para particulares, ha reafirmado su compromiso con la <strong>responsabilidad social y con los objetivos y metas ODS<\/strong> para contribuir a una sociedad mejor.<\/p>\n<p>En l\u00ednea con su compromiso social, cada a\u00f1o con motivo de la celebraci\u00f3n de su Convenci\u00f3n Anual, OVB Espa\u00f1a concede a los ocho mejores consultores del a\u00f1o la posibilidad de realizar una <strong>donaci\u00f3n a una ONG<\/strong> de su elecci\u00f3n, que vaya alineada con los valores de OVB.<\/p>\n<p>Este a\u00f1o, la ONG seleccionada ha sido Fundaci\u00f3n Manantial, dedicada a la atenci\u00f3n integral de personas con problemas de salud mental.\u00a0 Cada a\u00f1o, la Fundaci\u00f3n Manantial atiende a <strong>m\u00e1s de 3.000 personas<\/strong>, ofreciendo un abanico de servicios que abarcan los siguientes \u00e1mbitos:<\/p>\n<ul>\n<li>Desde la inclusi\u00f3n social y laboral hasta la atenci\u00f3n personalizada y promoci\u00f3n del empleo como herramienta de recuperaci\u00f3n.<\/li>\n<li>Brindan apoyo en el \u00e1mbito penitenciario y programas de prevenci\u00f3n para j\u00f3venes y ni\u00f1os\/as, buscando fomentar una sociedad m\u00e1s inclusiva y consciente sobre la salud mental.<\/li>\n<li>Especialmente con un notable impacto en el \u00e1mbito laboral, donde han logrado generar oportunidades para <strong>m\u00e1s de 200 personas con discapacidad <\/strong>derivada de problemas de salud mental. Esta cifra no solo subraya la importancia de su trabajo en la sociedad, sino que tambi\u00e9n resalta la relevancia de la colaboraci\u00f3n con OVB Espa\u00f1a, cuya donaci\u00f3n respaldar\u00e1 directamente estos esfuerzos.<\/li>\n<\/ul>\n<p>En este sentido, la donaci\u00f3n de OVB Espa\u00f1a se destinar\u00e1 precisamente a los <strong>proyectos de inclusi\u00f3n laboral <\/strong>de Fundaci\u00f3n Manantial, reafirmando el compromiso de ambas organizaciones con el bienestar social y la integraci\u00f3n de personas con problemas de salud mental.<\/p>\n<p><strong>La directora general de Fundaci\u00f3n Manantial, <a href=\"https:\/\/www.linkedin.com\/in\/elena-biurrun-sainz-de-rozas-8b0575173\/\" target=\"_blank\" rel=\"noopener\">Elena Biurrun<\/a><\/strong>, ha expresado su agradecimiento: <em>&#8220;<\/em><em>Esta colaboraci\u00f3n con OVB Espa\u00f1a es un paso significativo hacia nuestro prop\u00f3sito de conseguir la inclusi\u00f3n social y laboral de personas con problemas de salud mental. Su apoyo nos permitir\u00e1 ampliar nuestros programas de inclusi\u00f3n laboral, un aspecto crucial en el camino hacia la recuperaci\u00f3n y la autonom\u00eda de las personas con las que trabajamos&#8221;.<\/em><\/p>\n<p>Esta iniciativa solidaria ha destacado el compromiso de OVB Espa\u00f1a con la contribuci\u00f3n activa al bienestar de la sociedad. <em>\u201cLa decisi\u00f3n de conceder estas ayudas no solo celebra el impacto positivo de las ONGs, sino que tambi\u00e9n refleja la convicci\u00f3n de que el \u00e9xito empresarial va de la mano con la responsabilidad hacia la sociedad\u201d<\/em>, <strong>ha<\/strong> <strong>declarado <a href=\"https:\/\/www.linkedin.com\/in\/harald-ortner-99047ba9\/\" target=\"_blank\" rel=\"noopener\">Harald Ortner<\/a>, director general de OVB Espa\u00f1a<\/strong>. En momentos en que la colaboraci\u00f3n y el apoyo mutuo son esenciales, OVB Espa\u00f1a reitera su compromiso de ser un agente de cambio positivo, subrayando la importancia de la cooperaci\u00f3n entre el sector empresarial y las organizaciones dedicadas a causas sociales.<\/p>\n<p>&nbsp;<\/p>\n","protected":false},"excerpt":{"rendered":"<p>OVB Espa\u00f1a, compa\u00f1\u00eda especializada en planificaci\u00f3n financiera para particulares, ha reafirmado su compromiso con la responsabilidad social y con los objetivos y metas ODS para contribuir a una sociedad mejor. En l\u00ednea con su compromiso social, cada a\u00f1o con motivo de la celebraci\u00f3n de su Convenci\u00f3n Anual, OVB Espa\u00f1a concede a los ocho mejores consultores [&hellip;]<\/p>\n","protected":false},"author":5,"featured_media":4816,"comment_status":"closed","ping_status":"closed","sticky":false,"template":"","format":"standard","meta":{"_acf_changed":false,"give_campaign_id":0,"_seopress_robots_primary_cat":"none","_seopress_titles_title":"","_seopress_titles_desc":"","_seopress_robots_index":"","footnotes":""},"categories":[34,33],"tags":[],"class_list":["post-4809","post","type-post","status-publish","format-standard","has-post-thumbnail","hentry","category-noticias-fundacion-manantial","category-noticias"],"acf":[],"_links":{"self":[{"href":"https:\/\/www.fundacionmanantial.org\/en\/wp-json\/wp\/v2\/posts\/4809","targetHints":{"allow":["GET"]}}],"collection":[{"href":"https:\/\/www.fundacionmanantial.org\/en\/wp-json\/wp\/v2\/posts"}],"about":[{"href":"https:\/\/www.fundacionmanantial.org\/en\/wp-json\/wp\/v2\/types\/post"}],"author":[{"embeddable":true,"href":"https:\/\/www.fundacionmanantial.org\/en\/wp-json\/wp\/v2\/users\/5"}],"replies":[{"embeddable":true,"href":"https:\/\/www.fundacionmanantial.org\/en\/wp-json\/wp\/v2\/comments?post=4809"}],"version-history":[{"count":0,"href":"https:\/\/www.fundacionmanantial.org\/en\/wp-json\/wp\/v2\/posts\/4809\/revisions"}],"wp:featuredmedia":[{"embeddable":true,"href":"https:\/\/www.fundacionmanantial.org\/en\/wp-json\/wp\/v2\/media\/4816"}],"wp:attachment":[{"href":"https:\/\/www.fundacionmanantial.org\/en\/wp-json\/wp\/v2\/media?parent=4809"}],"wp:term":[{"taxonomy":"category","embeddable":true,"href":"https:\/\/www.fundacionmanantial.org\/en\/wp-json\/wp\/v2\/categories?post=4809"},{"taxonomy":"post_tag","embeddable":true,"href":"https:\/\/www.fundacionmanantial.org\/en\/wp-json\/wp\/v2\/tags?post=4809"}],"curies":[{"name":"wp","href":"https:\/\/api.w.org\/{rel}","templated":true}]}}