{"id":4713,"date":"2024-02-14T09:16:34","date_gmt":"2024-02-14T08:16:34","guid":{"rendered":"https:\/\/www.fundacionmanantial.org\/?p=4713"},"modified":"2024-02-16T08:25:29","modified_gmt":"2024-02-16T07:25:29","slug":"inclusion-laboral-de-personas-con-problemas-de-salud-mental-en-la-comunidad-valenciana","status":"publish","type":"post","link":"https:\/\/www.fundacionmanantial.org\/en\/inclusion-laboral-de-personas-con-problemas-de-salud-mental-en-la-comunidad-valenciana\/","title":{"rendered":"Inclusi\u00f3n laboral de personas con problemas de salud mental en la Comunidad Valenciana"},"content":{"rendered":"<p>Comienza el nuevo a\u00f1o y con \u00e9l, nueva convocatoria del Programa <strong>Itinerarios Integrados para la inserci\u00f3n sociolaboral de personas adultas con problemas de salud mental.\u00a0<\/strong><\/p>\n<p>Ya se encuentran participando en el programa <strong>13 personas<\/strong>, pero se seguir\u00e1n incorporando nuevos y nuevas participantes que quieran ver aumentadas sus <strong>posibilidades de contrataci\u00f3n<\/strong>, tanto en el mercado ordinario, como en el protegido. Estas personas tendr\u00e1n la posibilidad de ser <strong>acompa\u00f1adas en sus procesos de inclusi\u00f3n laboral<\/strong> a lo largo de todo el 2024, participando en acciones grupales y actividades que favorezcan el <strong>entrenamiento en aquellas competencias transversales que necesiten para aumentar la probabilidad de acceso y mantenimiento de un empleo.<\/strong><\/p>\n<p>El Programa de Itinerarios integrados, est\u00e1 cofinanciado por la Uni\u00f3n Europea en el marco del <strong><a href=\"https:\/\/inclusio.gva.es\/es\/web\/igualdad-diversidad\/programes-europeus-kumpania\/periode-de-programacio-2021-2027\" target=\"_blank\" rel=\"noopener\">Programa Fondo Social Europeo Plus (FSE+) Comunitat Valenciana 2021-2027<\/a><\/strong>, a trav\u00e9s de la <a href=\"https:\/\/inclusio.gva.es\/es\/\" target=\"_blank\" rel=\"noopener\">Vicepresidencia Segunda y Conselleria de Servicios Sociales, Igualdad y Vivienda<\/a>. El objetivo es <strong>favorecer la formaci\u00f3n y el acceso al empleo<\/strong>, y Fundaci\u00f3n Manantial lo desarrolla desde el a\u00f1o 2018.<\/p>\n","protected":false},"excerpt":{"rendered":"<p>Comienza el nuevo a\u00f1o y con \u00e9l, nueva convocatoria del Programa Itinerarios Integrados para la inserci\u00f3n sociolaboral de personas adultas con problemas de salud mental.\u00a0 Ya se encuentran participando en el programa 13 personas, pero se seguir\u00e1n incorporando nuevos y nuevas participantes que quieran ver aumentadas sus posibilidades de contrataci\u00f3n, tanto en el mercado ordinario, [&hellip;]<\/p>\n","protected":false},"author":7,"featured_media":4807,"comment_status":"closed","ping_status":"closed","sticky":false,"template":"","format":"standard","meta":{"_acf_changed":false,"give_campaign_id":0,"_seopress_robots_primary_cat":"none","_seopress_titles_title":"","_seopress_titles_desc":"","_seopress_robots_index":"","footnotes":""},"categories":[34],"tags":[60,242,61,63,180],"class_list":["post-4713","post","type-post","status-publish","format-standard","has-post-thumbnail","hentry","category-noticias-fundacion-manantial","tag-empleo","tag-fundacionmanantial","tag-inclusion","tag-laboral","tag-saludmental"],"acf":[],"_links":{"self":[{"href":"https:\/\/www.fundacionmanantial.org\/en\/wp-json\/wp\/v2\/posts\/4713","targetHints":{"allow":["GET"]}}],"collection":[{"href":"https:\/\/www.fundacionmanantial.org\/en\/wp-json\/wp\/v2\/posts"}],"about":[{"href":"https:\/\/www.fundacionmanantial.org\/en\/wp-json\/wp\/v2\/types\/post"}],"author":[{"embeddable":true,"href":"https:\/\/www.fundacionmanantial.org\/en\/wp-json\/wp\/v2\/users\/7"}],"replies":[{"embeddable":true,"href":"https:\/\/www.fundacionmanantial.org\/en\/wp-json\/wp\/v2\/comments?post=4713"}],"version-history":[{"count":0,"href":"https:\/\/www.fundacionmanantial.org\/en\/wp-json\/wp\/v2\/posts\/4713\/revisions"}],"wp:featuredmedia":[{"embeddable":true,"href":"https:\/\/www.fundacionmanantial.org\/en\/wp-json\/wp\/v2\/media\/4807"}],"wp:attachment":[{"href":"https:\/\/www.fundacionmanantial.org\/en\/wp-json\/wp\/v2\/media?parent=4713"}],"wp:term":[{"taxonomy":"category","embeddable":true,"href":"https:\/\/www.fundacionmanantial.org\/en\/wp-json\/wp\/v2\/categories?post=4713"},{"taxonomy":"post_tag","embeddable":true,"href":"https:\/\/www.fundacionmanantial.org\/en\/wp-json\/wp\/v2\/tags?post=4713"}],"curies":[{"name":"wp","href":"https:\/\/api.w.org\/{rel}","templated":true}]}}