{"id":4599,"date":"2024-01-31T14:00:21","date_gmt":"2024-01-31T13:00:21","guid":{"rendered":"https:\/\/www.fundacionmanantial.org\/?p=4599"},"modified":"2024-02-22T11:49:08","modified_gmt":"2024-02-22T10:49:08","slug":"relato-del-caso","status":"publish","type":"post","link":"https:\/\/www.fundacionmanantial.org\/en\/relato-del-caso\/","title":{"rendered":"El caso de Harut: Una s\u00e1bana y un sof\u00e1"},"content":{"rendered":"<p><strong>El Equipo de Apoyo Social Comunitario de Torrej\u00f3n<\/strong> (EASC) se puso en funcionamiento en diciembre de <strong>2007<\/strong>, est\u00e1 integrado dentro de la red de recursos p\u00fablicos de atenci\u00f3n social a personas con enfermedad mental grave y duradera de la <a href=\"https:\/\/www.comunidad.madrid\/centros\/consejeria-familia-juventud-asuntos-sociales\" target=\"_blank\" rel=\"noopener\">Consejer\u00eda de Familia, Juventud y Asuntos Sociales<\/a>, y est\u00e1 gestionado por <strong>Manantial Gesti\u00f3n<\/strong>. Trabajamos de forma coordinada y complementaria con los programas de continuidad de cuidados de los Servicios de Salud Mental de Torrej\u00f3n de Ardoz.<\/p>\n<p>El EASC es un dispositivo que permite tener un <strong>apoyo social<\/strong> para fomentar relaciones significativas con otras personas y con la comunidad.<\/p>\n<p>Con este escrito queremos<strong> reflejar parte de nuestro trabajo<\/strong>, el cual se desarrolla en el domicilio de las personas que atendemos y en su propio entorno comunitario, analizando con detenimiento el <strong>v\u00ednculo<\/strong> que se establece dentro de la atenci\u00f3n en el EASC, teniendo en cuenta que tiene unas caracter\u00edsticas particulares que no se dan en las atenciones llevadas a cabo en otros entornos institucionalizados.<\/p>\n<p>Tras un largo recorrido son muchas las personas que hemos conocido y las experiencias vividas dentro del equipo, por lo que queremos compartir algunas de ellas que ejemplifican aspectos relevantes del trabajo propio del EASC.<\/p>\n<p>El personal del EASC, por lo general, tendr\u00e1 que dedicar gran n\u00famero de atenciones a establecer el v\u00ednculo con la persona hasta que \u00e9sta pueda sentirlo como un lugar seguro en el que poder compartir sus vivencias actuales y pasadas; un espacio del que poder apropiarse y comenzar a pensar en los cambios que quiere llevar a cabo.<\/p>\n<p><strong>El caso de Harut: Una s\u00e1bana y un sof\u00e1<\/strong><\/p>\n<p>Julio de 2013, derivan al equipo a un var\u00f3n de 23 a\u00f1os con el objetivo principal de que las profesionales del equipo valoremos el caso. El psiquiatra refiere de manera textual \u201cnecesitamos saber qu\u00e9 est\u00e1 pasando en esa casa\u201d, porque ante varias propuestas de intervenci\u00f3n, los padres se mostraban reticentes por falta de confianza en los profesionales de <strong>salud mental<\/strong>.<\/p>\n<p>Primer d\u00eda que acudimos al domicilio,<strong> la incertidumbre nos acecha<\/strong>, la curiosidad y las dudas tambi\u00e9n forman parte de nuestro imaginario: \u00bfc\u00f3mo ser\u00eda <strong>Harut<\/strong>?, \u00bfc\u00f3mo ser\u00edan estos padres?, \u00bfqu\u00e9 nos encontrar\u00edamos en la casa? \u00bfc\u00f3mo nos recibir\u00edan? Muchas eran las preguntas sin respuesta que nos asaltan, pero entre tanto batiburrillo ten\u00edamos un objetivo claro, al menos conseguir una segunda cita.<\/p>\n<p>Llamamos al telefonillo y tras quince minutos de espera, baja el padre y nos pide disculpas por la demora. Refiere que Harut no accede a que entremos en el domicilio y tampoco quiere salir a conocernos. El cansancio se refleja en su cara, muestra angustia por haber dejado a Harut s\u00f3lo en casa, por lo que nos concede unos minutos en los que al menos conseguimos encuadrar una siguiente cita para la pr\u00f3xima semana. El padre no tiene ninguna esperanza de que su hijo cambie de parecer, desesperanzado y con gesto de resignaci\u00f3n accede a la propuesta planteada.<\/p>\n<p>Una tras otra, se van sucediendo las semanas en las que nos acercamos al domicilio con el aparente fracaso de no conseguir ver a Harut, pero con la sensaci\u00f3n de estar empezando a construir algunos pelda\u00f1os que nos puedan acercar a \u00e9l.<\/p>\n<p>Todo un a\u00f1o de constructos, en los que se va generando un v\u00ednculo de confianza con los padres que les permite ir poniendo palabras a la dif\u00edcil situaci\u00f3n que viven en casa, con el <strong>desconcierto y la angustia<\/strong> de querer buscar una explicaci\u00f3n a qu\u00e9 es lo que le est\u00e1 ocurriendo a su hijo y la terrible sensaci\u00f3n de que nada de lo que se haga va a poder revertir dicha situaci\u00f3n.<\/p>\n<p>Nuestra labor prestar o\u00eddos, recoger dicha angustia y principalmente ESTAR.<\/p>\n<p>Durante un a\u00f1o continuamos con estos encuentros principalmente con el padre (la madre trabaja en las ma\u00f1anas), pero la desesperanza comienza a hacer mella y empiezan las <strong>anulaciones de citas<\/strong>, llegando incluso a perder el contacto presencial.<\/p>\n<p>Pasados unos meses, y aprovechando un periodo vacacional de la madre (la cual siempre se ha mostrado m\u00e1s permeable y pragm\u00e1tica para llevar a cabo algunas de las propuestas que hemos ido formulando) <strong>conseguimos reanudar la intervenci\u00f3n<\/strong>, y establecer un encuentro en el domicilio. En este momento, la madre est\u00e1 dispuesta a abrirnos la puerta a pesar de que Harut se niegue.<\/p>\n<p>Llega el tan ansiado d\u00eda y, como no pod\u00eda ser de otra manera, la realidad nos deja perplejas. Creo que nunca olvidar\u00e9 esa primera imagen en la que vemos a alguien <strong>hecho un ovillo en un sof\u00e1 de una plaza<\/strong>, cubierto casi en su totalidad por una s\u00e1bana, de la que tan s\u00f3lo asomaban unos ojillos asustados. Nos presentamos, y tratamos de iniciar conversaci\u00f3n, sin recibir respuesta.<\/p>\n<p>Tras casi tres a\u00f1os, hab\u00edamos conseguido poner todos los pelda\u00f1os para poder conocer a Harut, y ahora \u00bfqu\u00e9?, \u00bfc\u00f3mo acercarnos a \u00e9l?, \u00bfc\u00f3mo conseguir que confiara?, \u00bfc\u00f3mo hacer para no derribar los peque\u00f1os cimientos construidos?, en definitiva&#8230;\u00bfc\u00f3mo continuar?<\/p>\n<p>De nuevo, la <strong>premisa de la calma<\/strong> y como objetivo principal, que tolere nuestra presencia. En esta ocasi\u00f3n, m\u00e1s dif\u00edcil todav\u00eda si cabe, porque ahora ni tan siquiera hab\u00eda o\u00eddos que prestar ya que no articulaba palabra.<\/p>\n<p>Le nombramos el encuadre de citas que vamos a establecer y asumimos que la no respuesta es una aceptaci\u00f3n.<\/p>\n<p>Sin prisa, sin pausa, estando, y con la \u00fanica herramienta de nuestro ingenio por bandera iniciamos esta andadura. Son muchas las citas en las que el mutismo es absoluto, pero poco a poco, comienza a descubrirse y a dejarse ver en la literalidad de la expresi\u00f3n, ya que progresivamente, la s\u00e1bana tras la que se cobija deja de ser el tel\u00f3n en el que resguardarse atrevi\u00e9ndose a mostrar el cuerpo.<\/p>\n<p>Impacta la apariencia que presenta, trayendo a la memoria la imagen de los ni\u00f1os ferales. Un chico joven, demacrado, extremadamente delgado, barba y pelo largo totalmente descuidados, y a nivel postural, encogido y r\u00edgido, postrado en un sof\u00e1. <strong>Pasan casi tres meses,<\/strong> hasta que Harut conecta con nosotras y comienza a hablar.<\/p>\n<p>Las primeras sesiones en las que se producen conversaciones tienen un contenido aparentemente trivial, vamos acerc\u00e1ndole el mundo de manera gradual mediante <strong>revistas, peri\u00f3dicos y libros<\/strong> a trav\u00e9s de los cuales se desprenden temas de los que hablar, de esta forma vamos descubriendo qui\u00e9n es.<\/p>\n<p>De manera progresiva, se hace posible aumentar la frecuencia de las citas, y paralelamente los padres acceden a tener un espacio de encuentro familiar en el que poder trabajar sobre diversos aspectos, entre ellos la posibilidad de un ingreso.<\/p>\n<p>Durante muchos meses, nos movemos en un vaiv\u00e9n de peque\u00f1os avances y retrocesos, hasta que finalmente los padres acceden a un <strong>ingreso involuntario<\/strong> del cual pasa directamente a UHTR (Unidad Hospitalaria de Tratamiento y Rehabilitaci\u00f3n), \u00a1todo un logro!<\/p>\n<p>El paso por dicha Unidad no fue sencillo, pero sin duda fue clave para poder <strong>introducir nuevas l\u00edneas de intervenci\u00f3n<\/strong>\u00a0y descartar un origen org\u00e1nico de la patolog\u00eda.<\/p>\n<p>Gracias al <strong>s\u00f3lido v\u00ednculo<\/strong> que ya estaba establecido tanto con Harut como con sus padres, fue posible que mantuvieran la estancia en la Unidad y asumieron las pautas que desde la misma se iban poniendo en marcha.<\/p>\n<p>Durante toda su estancia en UHTR nuestras <strong>citas<\/strong> se siguieron manteniendo con una <strong>frecuencia regular<\/strong>. Fue all\u00ed, donde por primera vez conseguimos salir a la calle con Harut, y como un hito important\u00edsimo, fue posible ir con \u00e9l al Jard\u00edn Bot\u00e1nico de Madrid.<\/p>\n<p>Tras casi dos a\u00f1os, Harut regresa a casa manteni\u00e9ndose en el EASC y habiendo sido derivado al CDSS (Centro de D\u00eda de Soporte Social).<\/p>\n<p>A d\u00eda de hoy, Harut continua en el recurso, nuestras citas ya son siempre fuera del domicilio, hablamos y re\u00edmos con \u00e9l, pues tiene un sentido del humor incre\u00edble. Despu\u00e9s de nuestras citas, suele quedarse solo, un rato m\u00e1s en la cafeter\u00eda, y regresa a casa sin acompa\u00f1amiento de los padres. Participa de manera irregular, pero a petici\u00f3n de \u00e9l, en uno de los grupos que tenemos en el equipo y muestra inter\u00e9s por relacionarse con los compa\u00f1eros. \u00a1Tiene un perfil en Facebook!<\/p>\n<p>Es mucho el camino que queda por recorrer, pero ahora, hay un camino y Harut tiene deseo por recorrer al menos parte del mismo. Nosotras por el momento, <strong>seguiremos acompa\u00f1\u00e1ndolo<\/strong> en su caminar.<\/p>\n<p>Conoce m\u00e1s casos de intervenci\u00f3n en el siguiente documento: <a href=\"https:\/\/www.fundacionmanantial.org\/wp-content\/uploads\/2024\/01\/Relato-del-caso.pdf\">Relato del caso<\/a><\/p>\n","protected":false},"excerpt":{"rendered":"<p>El Equipo de Apoyo Social Comunitario de Torrej\u00f3n (EASC) se puso en funcionamiento en diciembre de 2007, est\u00e1 integrado dentro de la red de recursos p\u00fablicos de atenci\u00f3n social a personas con enfermedad mental grave y duradera de la Consejer\u00eda de Familia, Juventud y Asuntos Sociales, y est\u00e1 gestionado por Manantial Gesti\u00f3n. Trabajamos de forma [&hellip;]<\/p>\n","protected":false},"author":5,"featured_media":4711,"comment_status":"closed","ping_status":"closed","sticky":false,"template":"","format":"standard","meta":{"_acf_changed":false,"give_campaign_id":0,"_seopress_robots_primary_cat":"none","_seopress_titles_title":"","_seopress_titles_desc":"","_seopress_robots_index":"","footnotes":""},"categories":[41],"tags":[],"class_list":["post-4599","post","type-post","status-publish","format-standard","has-post-thumbnail","hentry","category-blog-salud-mental"],"acf":[],"_links":{"self":[{"href":"https:\/\/www.fundacionmanantial.org\/en\/wp-json\/wp\/v2\/posts\/4599","targetHints":{"allow":["GET"]}}],"collection":[{"href":"https:\/\/www.fundacionmanantial.org\/en\/wp-json\/wp\/v2\/posts"}],"about":[{"href":"https:\/\/www.fundacionmanantial.org\/en\/wp-json\/wp\/v2\/types\/post"}],"author":[{"embeddable":true,"href":"https:\/\/www.fundacionmanantial.org\/en\/wp-json\/wp\/v2\/users\/5"}],"replies":[{"embeddable":true,"href":"https:\/\/www.fundacionmanantial.org\/en\/wp-json\/wp\/v2\/comments?post=4599"}],"version-history":[{"count":0,"href":"https:\/\/www.fundacionmanantial.org\/en\/wp-json\/wp\/v2\/posts\/4599\/revisions"}],"wp:featuredmedia":[{"embeddable":true,"href":"https:\/\/www.fundacionmanantial.org\/en\/wp-json\/wp\/v2\/media\/4711"}],"wp:attachment":[{"href":"https:\/\/www.fundacionmanantial.org\/en\/wp-json\/wp\/v2\/media?parent=4599"}],"wp:term":[{"taxonomy":"category","embeddable":true,"href":"https:\/\/www.fundacionmanantial.org\/en\/wp-json\/wp\/v2\/categories?post=4599"},{"taxonomy":"post_tag","embeddable":true,"href":"https:\/\/www.fundacionmanantial.org\/en\/wp-json\/wp\/v2\/tags?post=4599"}],"curies":[{"name":"wp","href":"https:\/\/api.w.org\/{rel}","templated":true}]}}