{"id":4218,"date":"2024-01-22T10:49:55","date_gmt":"2024-01-22T09:49:55","guid":{"rendered":"https:\/\/www.fundacionmanantial.org\/?p=4218"},"modified":"2024-01-22T10:49:55","modified_gmt":"2024-01-22T09:49:55","slug":"una-cabalgata-participativa","status":"publish","type":"post","link":"https:\/\/www.fundacionmanantial.org\/en\/una-cabalgata-participativa\/","title":{"rendered":"Una cabalgata participativa"},"content":{"rendered":"<p>La llegada de los <strong>Reyes Magos<\/strong> siempre es un acontecimiento importante en el <strong>barrio de Hortaleza<\/strong>, donde cuentan con una <strong>cabalgata<\/strong> con una importante historia de lucha vecinal y que este a\u00f1o ha cumplido 50 a\u00f1os, siendo la m\u00e1s longeva de los distritos de Madrid.<\/p>\n<p>Como en muchos barrios perif\u00e9ricos de Madrid (estamos hablando de mediados de los 70) algunos distritos apenas contaban con dos d\u00e9cadas de transformaci\u00f3n de ser un peque\u00f1o pueblo a unirse y ser parte de una gran ciudad en expansi\u00f3n. Hortaleza crec\u00eda y se urbanizaba a marchas forzadas perdiendo campo, zonas de cultivo, descampados. Llegaban nuevos vecinos y vecinas de zonas rurales que con ilusi\u00f3n y en muchas ocasiones los bolsillos vac\u00edos, buscaban mejorar sus condiciones de vida, buscar empleo, tener una vivienda, formar una familia\u2026 algo que ahora parece ajeno y\u00a0 lejano, pero que conecta con la realidad de aqu\u00e9llos que viniendo de m\u00e1s lejos, repiten ese objetivo de<strong> mejorar y poder construir un proyecto vital<\/strong>.<\/p>\n<p>Estos vecinos y vecinas se encontraban con barrios donde la poblaci\u00f3n aumentaba sin tener los servicios y recursos necesarios para poder dar respuesta a las necesidades que iban surgiendo, faltaba de todo y todo estaba por construir.<\/p>\n<p>Esta precaria condici\u00f3n de partida supuso tambi\u00e9n un revulsivo para la <strong>organizaci\u00f3n vecinal<\/strong>, personas que se un\u00edan para dar respuestas a necesidades b\u00e1sicas pero tambi\u00e9n colectivas y que se pon\u00edan en marcha para reivindicar desde mejores transportes para unir sus barrios con el centro de Madrid, demandar servicios p\u00fablicos esenciales\u2026 Pero no s\u00f3lo reivindicaban y demandaban, tambi\u00e9n tra\u00edan consigo mucho en aquellas maletas sin ruedas. Tra\u00edan consigo sus ganas, sus <strong>tradiciones populares<\/strong> y quer\u00edan que sus barrios fueren lugares no s\u00f3lo donde sobrevivir sino donde vivir dignamente, donde celebrar la vida, haciendo del encuentro y de las celebraciones las mejores herramientas para enraizarse en sus nuevos territorios, construir barrio, vecindad y sentirse parte de algo mayor.<\/p>\n<p>Fiestas populares, celebraciones de todo tipo, como tambi\u00e9n eran las cabalgatas de los Reyes Magos. La historia de la \u201c<strong>Cabalgata Participativa, la de toda la vida<\/strong>\u201d, como la llaman sus integrantes da para mucho, en este <a href=\"https:\/\/www.periodicohortaleza.org\/50-aniversario-de-la-cabalgata-de-hortaleza\/\">art\u00edculo<\/a> de Juan Jim\u00e9nez da cuenta de ello, para quienes teng\u00e1is curiosidad.<\/p>\n<p>Para que os hag\u00e1is una idea de su alcance, este a\u00f1o s\u00f3lo en la organizaci\u00f3n han participado m\u00e1s de <strong>1500 personas<\/strong> y m\u00e1s de <strong>22 colectivos<\/strong> y asociaciones de muy diverso \u00edndole como asociaciones culturales, AMPAS de colegios, parroquias de barrio, asociaciones vecinales.<\/p>\n<p>Y es que en esta cabalgata todo el mundo cabe, los requisitos son simples: asumir un c\u00f3digo \u00e9tico que habla de fomentar los valores de igualdad y no discriminaci\u00f3n, por razones religiosas, ideol\u00f3gicas, de sexo, de g\u00e9nero, culturales, f\u00edsicas o ps\u00edquicas, el respeto de los derechos humanos, y ser entidad sin \u00e1nimo de lucro (excluidos los intereses empresariales).<\/p>\n<p>Detr\u00e1s\u00a0 del desfile del d\u00eda 5, meses de reuniones, de trabajo en equipo, de convivencia entre proyectos muy diversos, de eventos y actividades culturales para darle visibilidad y tambi\u00e9n para la recaudaci\u00f3n de fondos, entre la tradicional fiesta en la sala Galileo Galilei, o este a\u00f1o una fiesta conmemorativa de los 50 a\u00f1os.<\/p>\n<p>El <strong>Centro de Rehabilitaci\u00f3n Psicosocial<\/strong> <strong>(CRPS) de Hortaleza<\/strong> ha participado por primera vez en la realizaci\u00f3n de una de las carrozas de la \u201c<strong>Cabalgata Participativa de Hortaleza<\/strong>\u201d, la de Rey Baltasar, junto con dos entidades m\u00e1s del distrito, las asociaciones de J\u00f3venes del Parque y la Asociaci\u00f3n El Olivar, con el apoyo de su proyecto social \u201cUnidades Distritales de Colaboraci\u00f3n\u201d.<\/p>\n<p>Para <strong>favorecer la participaci\u00f3n<\/strong> de las personas usuarias del recurso, desde el CRPS de Hortaleza se plante\u00f3 que el cami\u00f3n de la carroza este a\u00f1o se ubicara para su montaje en el aparcamiento de las instalaciones de los recursos sociales de Hortaleza, aprovechando las posibilidades que ofrec\u00eda nuestro espacio en cuanto a servicios, recursos, herramientas, etc..<\/p>\n<p>Este a\u00f1o, desde el d\u00eda 2 de enero y hasta el mismo d\u00eda 5 del desfile de la carroza, un tr\u00e1iler de 13 metros de caja se situ\u00f3 en el aparcamiento de nuestras instalaciones. Con su llegada, tambi\u00e9n empezaron a acercarse diferentes integrantes de las asociaciones participantes, as\u00ed como vecinos y otras personas que a t\u00edtulo individual estuvieron ayudando en el montaje.<\/p>\n<p>Durante esos 4 d\u00edas se abri\u00f3 una ventana de oportunidad para la participaci\u00f3n de aquellos usuarios y usuarias del CRPS, as\u00ed como de <strong>Centro de Rehabilitaci\u00f3n Laboral<\/strong> (CRL) y <strong>Mini Residencia<\/strong> (MR), que tras informaci\u00f3n previa si ten\u00edan inter\u00e9s pod\u00edan sumarse y colaborar en el montaje del dise\u00f1o de la carroza, un barco velero donde ir\u00eda su majestad Baltasar junto con su paje y algunos otros ayudantes.<\/p>\n<p>Alrededor de <strong>quince usuarias<\/strong> han estado participando estos d\u00edas de diferentes maneras, desde envolviendo cajas de regalo que decoraban la carroza, pintando los banderines de los diferentes pa\u00edses que iban en el barco, cargando y descargando material, y apoyando en otras labores de la decoraci\u00f3n y montaje del barco. Tambi\u00e9n compartiendo espacios, charlas, preguntas y ofreciendo hospitalidad y chocolate caliente, as\u00ed como conviviendo con el cierto caos que generan el montaje de la carroza y la presencia de m\u00e1s personas externas en los espacios comunes de los recursos.<\/p>\n<p>Ha sido bonito poder ver en un mismo espacio a operarios de la asociaci\u00f3n <strong>El Olivar<\/strong>, ni\u00f1os y ni\u00f1as de la Asociaci\u00f3n J\u00f3venes del Parque, usuarios de los diferentes recursos, voluntarios y profesionales de dichas entidades, compartiendo tareas, conversaciones y momentos.<\/p>\n<p>La asociaci\u00f3n <strong>J\u00f3venes del Parque<\/strong> es una asociaci\u00f3n del barrio que se dedica al ocio y tiempo libre, as\u00ed como a la educaci\u00f3n en valores. Busca la <strong>inclusi\u00f3n a trav\u00e9s del ocio<\/strong> de personas con diferentes capacidades.<\/p>\n<p>La asociaci\u00f3n El Olivar es una entidad que desarrolla diferentes proyectos, centrados en el compromiso con las personas j\u00f3venes sin hogar. Dispone de un piso donde conviven j\u00f3venes que han pasado por situaciones de calle, con personas que han estado en riesgo de estarlo, as\u00ed como desde hace unos a\u00f1os tambi\u00e9n desarrollan diferentes proyectos de inserci\u00f3n y acompa\u00f1amiento laboral.<\/p>\n<p>Desde el CRPS de Hortaleza tratamos desde diferentes perspectivas e iniciativas de establecer contacto y abrirnos al vecindario, de buscar posibilidades de relaciones y creaci\u00f3n de redes con el diferentes entidades del distrito, as\u00ed como de disponer de diferentes oportunidades y experiencias que faciliten a trav\u00e9s de actividades o proyectos concretos la<strong> colaboraci\u00f3n<\/strong>.<\/p>\n<p>Asimismo pensamos que el establecimiento de una <strong>colaboraci\u00f3n m\u00e1s estable<\/strong>, as\u00ed como la construcci\u00f3n de algunas tradiciones o hitos peri\u00f3dicos facilita la instauraci\u00f3n de un sentido de pertenencia y comunidad. Esperamos que esta primera colaboraci\u00f3n, pueda suponer que el pr\u00f3ximo a\u00f1o con m\u00e1s tiempo y experiencia podamos seguir colaborando y sacando partido y aprovechando este gran evento colectivo que une a todo un distrito.<\/p>\n<p>&nbsp;<\/p>\n<p><iframe title=\"Cabalgata de Hortaleza 2023\" width=\"500\" height=\"375\" src=\"https:\/\/www.youtube.com\/embed\/wuQzaPPCmZc?feature=oembed\" frameborder=\"0\" allow=\"accelerometer; autoplay; clipboard-write; encrypted-media; gyroscope; picture-in-picture; web-share\" referrerpolicy=\"strict-origin-when-cross-origin\" allowfullscreen><\/iframe><\/p>\n","protected":false},"excerpt":{"rendered":"<p>La llegada de los Reyes Magos siempre es un acontecimiento importante en el barrio de Hortaleza, donde cuentan con una cabalgata con una importante historia de lucha vecinal y que este a\u00f1o ha cumplido 50 a\u00f1os, siendo la m\u00e1s longeva de los distritos de Madrid. Como en muchos barrios perif\u00e9ricos de Madrid (estamos hablando de [&hellip;]<\/p>\n","protected":false},"author":5,"featured_media":4229,"comment_status":"closed","ping_status":"closed","sticky":false,"template":"","format":"standard","meta":{"_acf_changed":false,"give_campaign_id":0,"_seopress_robots_primary_cat":"none","_seopress_titles_title":"","_seopress_titles_desc":"","_seopress_robots_index":"","footnotes":""},"categories":[41],"tags":[],"class_list":["post-4218","post","type-post","status-publish","format-standard","has-post-thumbnail","hentry","category-blog-salud-mental"],"acf":[],"_links":{"self":[{"href":"https:\/\/www.fundacionmanantial.org\/en\/wp-json\/wp\/v2\/posts\/4218","targetHints":{"allow":["GET"]}}],"collection":[{"href":"https:\/\/www.fundacionmanantial.org\/en\/wp-json\/wp\/v2\/posts"}],"about":[{"href":"https:\/\/www.fundacionmanantial.org\/en\/wp-json\/wp\/v2\/types\/post"}],"author":[{"embeddable":true,"href":"https:\/\/www.fundacionmanantial.org\/en\/wp-json\/wp\/v2\/users\/5"}],"replies":[{"embeddable":true,"href":"https:\/\/www.fundacionmanantial.org\/en\/wp-json\/wp\/v2\/comments?post=4218"}],"version-history":[{"count":0,"href":"https:\/\/www.fundacionmanantial.org\/en\/wp-json\/wp\/v2\/posts\/4218\/revisions"}],"wp:featuredmedia":[{"embeddable":true,"href":"https:\/\/www.fundacionmanantial.org\/en\/wp-json\/wp\/v2\/media\/4229"}],"wp:attachment":[{"href":"https:\/\/www.fundacionmanantial.org\/en\/wp-json\/wp\/v2\/media?parent=4218"}],"wp:term":[{"taxonomy":"category","embeddable":true,"href":"https:\/\/www.fundacionmanantial.org\/en\/wp-json\/wp\/v2\/categories?post=4218"},{"taxonomy":"post_tag","embeddable":true,"href":"https:\/\/www.fundacionmanantial.org\/en\/wp-json\/wp\/v2\/tags?post=4218"}],"curies":[{"name":"wp","href":"https:\/\/api.w.org\/{rel}","templated":true}]}}