{"id":4103,"date":"2023-11-24T10:12:28","date_gmt":"2023-11-24T09:12:28","guid":{"rendered":"https:\/\/www.fundacionmanantial.org\/ii-congreso-internacional-de-buenas-practicas-en-inclusion-social-de-tomelloso\/"},"modified":"2023-11-24T10:12:28","modified_gmt":"2023-11-24T09:12:28","slug":"ii-congreso-internacional-de-buenas-practicas-en-inclusion-social-de-tomelloso","status":"publish","type":"post","link":"https:\/\/www.fundacionmanantial.org\/en\/ii-congreso-internacional-de-buenas-practicas-en-inclusion-social-de-tomelloso\/","title":{"rendered":"II Congreso Internacional de Buenas Pr\u00e1cticas en Inclusi\u00f3n Social de Tomelloso"},"content":{"rendered":"<p>Gracias al <a href=\"https:\/\/www.eduso.net\/recursos\/colegio-oficial-de-educadoras-y-educadores-sociales-de-la-comunidad-valenciana\/\" rel=\"noopener\" target=\"_blank\">COEESCV<\/a> (Colegio Oficial de Educadoras y Educadores Sociales de La Comunidad Valenciana), <strong>Salom\u00e9 Castell\u00f3 y Javier P\u00e9rez Ba\u00f1uls<\/strong>, colegiados en el colegio, y como educadoras del \u00e1mbito de la Salud Mental, hemos tenido la posibilidad de participar en el <strong><a href=\"https:\/\/www.europapress.es\/epsocial\/cooperacion-desarrollo\/noticia-ii-congreso-internacional-buenas-practicas-inclusion-social-destaca-papel-entidades-tercer-sector-20231110202850.html\" rel=\"noopener\" target=\"_blank\">II Congreso Internacional de Buenas Pr\u00e1cticas en Inclusi\u00f3n Social de Tomelloso (Ciudad Real)<\/a><\/strong>.<\/p>\n<p>El congreso se ha celebrado los d\u00edas 9 y 10 de noviembre de 2023 en el auditorio Antonio L\u00f3pez Torres de Tomelloso (Ciudad Real). En dicho congreso, se analizan los principales desaf\u00edos que afrontan nuestras sociedades s\u00faper diversas, desde la perspectiva de la inclusi\u00f3n social.<\/p>\n<p>Ha habido 3 ponencias que han sido:  <\/p>\n<p>&#8211; <strong>\u201cLa investigaci\u00f3n e innovaci\u00f3n social en Espa\u00f1a\u201d.<\/strong> Llevada a cabo por Elo\u00edsa del Pino. Investigadora Social. Presidenta del C.S.I.C.<br \/>\n<strong><br \/>\n&#8211; \u201cInclusi\u00f3n Social: perspectivas desde la Asociaci\u00f3n Internacional de Escuelas de Trabajo Social\u201d<\/strong>.  Presentada por Annamaria Campanini. Presidenta del International Association of Schools of Social Work.<\/p>\n<p>&#8211; <strong>\u201cInclusi\u00f3n Social postpandemia en Italia\u201d<\/strong>. Presentada por Roberta Teresa Di Rosa. Trabajadora Social y Soci\u00f3loga. Docente de la Universidad de Palermo.<\/p>\n<p>Se han expuesto un total de <strong>30 buenas pr\u00e1cticas y a todas se les ha hecho un reconocimiento de la buena pr\u00e1ctica presentada.<\/strong><\/p>\n<p>Todas han quedado recogidas en un banco de buenas pr\u00e1cticas en inclusi\u00f3n social, que si estas interesada puedes visitar en el <a href=\"https:\/\/blogs.uned.es\/catedraunedtomelloso\/banco-de-buenas-practicas-en-inclusion-social\/\" rel=\"noopener\" target=\"_blank\">siguiente enlace<\/a>.<\/p>\n<p>Nuestra buena pr\u00e1ctica presentada ha sido el <strong>Programa de Prevenci\u00f3n del Aislamiento y la Soledad No deseada de personas con problemas de salud mental de Fundaci\u00f3n Manantial<\/strong>. Esta buena pr\u00e1ctica la hemos presentado desde el enfoque de la Educaci\u00f3n Social y enfatizando el papel del educador social.<\/p>\n<p>Participar en estos espacios posibilita <strong>conocer diferentes proyectos de \u00e1mbito nacional, compartir conocimientos, narrarnos desde los diferentes marcos te\u00f3ricos, contar experiencias<\/strong>,&#8230; Nos permite <strong>visibilizar <\/strong>el colegio de educadores sociales, nuestra pr\u00e1ctica desde la educaci\u00f3n social, nuestro marco te\u00f3rico, en nuestro caso <strong>la salud mental comunitaria, la educaci\u00f3n popular y el acompa\u00f1amiento socioeducativo<\/strong>.<\/p>\n","protected":false},"excerpt":{"rendered":"<p>Gracias al COEESCV (Colegio Oficial de Educadoras y Educadores Sociales de La Comunidad Valenciana), Salom\u00e9 Castell\u00f3 y Javier P\u00e9rez Ba\u00f1uls, colegiados en el colegio, y como educadoras del \u00e1mbito de la Salud Mental, hemos tenido la posibilidad de participar en el II Congreso Internacional de Buenas Pr\u00e1cticas en Inclusi\u00f3n Social de Tomelloso (Ciudad Real). El [&hellip;]<\/p>\n","protected":false},"author":1,"featured_media":4104,"comment_status":"open","ping_status":"closed","sticky":false,"template":"","format":"standard","meta":{"_acf_changed":false,"give_campaign_id":0,"_seopress_robots_primary_cat":"","_seopress_titles_title":"","_seopress_titles_desc":"","_seopress_robots_index":"","footnotes":""},"categories":[41],"tags":[],"class_list":["post-4103","post","type-post","status-publish","format-standard","has-post-thumbnail","hentry","category-blog-salud-mental"],"acf":[],"_links":{"self":[{"href":"https:\/\/www.fundacionmanantial.org\/en\/wp-json\/wp\/v2\/posts\/4103","targetHints":{"allow":["GET"]}}],"collection":[{"href":"https:\/\/www.fundacionmanantial.org\/en\/wp-json\/wp\/v2\/posts"}],"about":[{"href":"https:\/\/www.fundacionmanantial.org\/en\/wp-json\/wp\/v2\/types\/post"}],"author":[{"embeddable":true,"href":"https:\/\/www.fundacionmanantial.org\/en\/wp-json\/wp\/v2\/users\/1"}],"replies":[{"embeddable":true,"href":"https:\/\/www.fundacionmanantial.org\/en\/wp-json\/wp\/v2\/comments?post=4103"}],"version-history":[{"count":0,"href":"https:\/\/www.fundacionmanantial.org\/en\/wp-json\/wp\/v2\/posts\/4103\/revisions"}],"wp:featuredmedia":[{"embeddable":true,"href":"https:\/\/www.fundacionmanantial.org\/en\/wp-json\/wp\/v2\/media\/4104"}],"wp:attachment":[{"href":"https:\/\/www.fundacionmanantial.org\/en\/wp-json\/wp\/v2\/media?parent=4103"}],"wp:term":[{"taxonomy":"category","embeddable":true,"href":"https:\/\/www.fundacionmanantial.org\/en\/wp-json\/wp\/v2\/categories?post=4103"},{"taxonomy":"post_tag","embeddable":true,"href":"https:\/\/www.fundacionmanantial.org\/en\/wp-json\/wp\/v2\/tags?post=4103"}],"curies":[{"name":"wp","href":"https:\/\/api.w.org\/{rel}","templated":true}]}}