{"id":4101,"date":"2023-11-24T08:55:10","date_gmt":"2023-11-24T07:55:10","guid":{"rendered":"https:\/\/www.fundacionmanantial.org\/paellacoa-en-la-residencia-parla\/"},"modified":"2023-11-24T08:55:10","modified_gmt":"2023-11-24T07:55:10","slug":"paellacoa-en-la-residencia-parla","status":"publish","type":"post","link":"https:\/\/www.fundacionmanantial.org\/en\/paellacoa-en-la-residencia-parla\/","title":{"rendered":"Paellacoa en la Residencia &#8220;Parla&#8221;"},"content":{"rendered":"<p>La paellacoa es la combinaci\u00f3n perfecta de querer comer paella y una barbacoa en una \u00fanica actividad. Esta m\u00edtica actividad es un evento que se repite de forma anual y est\u00e1 organizado por el equipo de profesionales y residentes de la residencia de Parla. Est\u00e1 incre\u00edble tradici\u00f3n se ha llevado a cabo durante varios a\u00f1os, convirti\u00e9ndose en un evento muy esperado por todos los y las residentes, profesionales, familiares y allegad@s.<\/p>\n<p>El objetivo de la misma, es que no solo se trata de compartir una comida deliciosa, sino que tambi\u00e9n, es una experiencia participativa y colaborativa, en la que todas las personas participantes se unen para preparar las paellas y la carne, compartiendo sus conocimientos culinarios y trabajando en equipo para crear una experiencia gastron\u00f3mica inolvidable, donde adem\u00e1s podemos encontrar buena m\u00fasica y grandes encuentros.<\/p>\n<p>Durante el evento, el ambiente se llena de alegr\u00eda y buen rollo. La risa y la conversaci\u00f3n fluyen mientras se colabora en la cocina y se disfruta de la actividad. Se generan lazos de confianza y amistad entre las personas participantes, fortaleciendo el sentido de comunidad en la residencia.<\/p>\n<p>Adem\u00e1s, uno de los aspectos m\u00e1s hermosos de la paellacoa es que tambi\u00e9n se invita a las familias y allegad@s a unirse a esta celebraci\u00f3n. Es una oportunidad especial para compartir momentos felices con sus seres queridos, creando recuerdos c\u00e1lidos y significativos<\/p>\n","protected":false},"excerpt":{"rendered":"<p>La paellacoa es la combinaci\u00f3n perfecta de querer comer paella y una barbacoa en una \u00fanica actividad. Esta m\u00edtica actividad es un evento que se repite de forma anual y est\u00e1 organizado por el equipo de profesionales y residentes de la residencia de Parla. Est\u00e1 incre\u00edble tradici\u00f3n se ha llevado a cabo durante varios a\u00f1os, [&hellip;]<\/p>\n","protected":false},"author":1,"featured_media":4102,"comment_status":"open","ping_status":"closed","sticky":false,"template":"","format":"standard","meta":{"_acf_changed":false,"give_campaign_id":0,"_seopress_robots_primary_cat":"","_seopress_titles_title":"","_seopress_titles_desc":"","_seopress_robots_index":"","footnotes":""},"categories":[41],"tags":[124,85,285,180],"class_list":["post-4101","post","type-post","status-publish","format-standard","has-post-thumbnail","hentry","category-blog-salud-mental","tag-comunidad","tag-fundacion-manantial","tag-parla","tag-saludmental"],"acf":[],"_links":{"self":[{"href":"https:\/\/www.fundacionmanantial.org\/en\/wp-json\/wp\/v2\/posts\/4101","targetHints":{"allow":["GET"]}}],"collection":[{"href":"https:\/\/www.fundacionmanantial.org\/en\/wp-json\/wp\/v2\/posts"}],"about":[{"href":"https:\/\/www.fundacionmanantial.org\/en\/wp-json\/wp\/v2\/types\/post"}],"author":[{"embeddable":true,"href":"https:\/\/www.fundacionmanantial.org\/en\/wp-json\/wp\/v2\/users\/1"}],"replies":[{"embeddable":true,"href":"https:\/\/www.fundacionmanantial.org\/en\/wp-json\/wp\/v2\/comments?post=4101"}],"version-history":[{"count":0,"href":"https:\/\/www.fundacionmanantial.org\/en\/wp-json\/wp\/v2\/posts\/4101\/revisions"}],"wp:featuredmedia":[{"embeddable":true,"href":"https:\/\/www.fundacionmanantial.org\/en\/wp-json\/wp\/v2\/media\/4102"}],"wp:attachment":[{"href":"https:\/\/www.fundacionmanantial.org\/en\/wp-json\/wp\/v2\/media?parent=4101"}],"wp:term":[{"taxonomy":"category","embeddable":true,"href":"https:\/\/www.fundacionmanantial.org\/en\/wp-json\/wp\/v2\/categories?post=4101"},{"taxonomy":"post_tag","embeddable":true,"href":"https:\/\/www.fundacionmanantial.org\/en\/wp-json\/wp\/v2\/tags?post=4101"}],"curies":[{"name":"wp","href":"https:\/\/api.w.org\/{rel}","templated":true}]}}