{"id":4099,"date":"2023-11-13T10:25:38","date_gmt":"2023-11-13T09:25:38","guid":{"rendered":"https:\/\/www.fundacionmanantial.org\/colaboracion-comunitaria-para-lograr-la-inclusion-laboral\/"},"modified":"2023-11-13T10:25:38","modified_gmt":"2023-11-13T09:25:38","slug":"colaboracion-comunitaria-para-lograr-la-inclusion-laboral","status":"publish","type":"post","link":"https:\/\/www.fundacionmanantial.org\/en\/colaboracion-comunitaria-para-lograr-la-inclusion-laboral\/","title":{"rendered":"Colaboraci\u00f3n comunitaria para lograr la inclusi\u00f3n laboral"},"content":{"rendered":"<p>La siguiente es una breve rese\u00f1a de una intervenci\u00f3n llevada a cabo en el Centro de Rehabilitaci\u00f3n Laboral (CRL) &#8220;Fuenlabrada&#8221; que implica a un agente de salud del municipio y que tiene <strong>una influencia decisiva en el proceso de rehabilitaci\u00f3n laboral de un usuario joven<\/strong>. <\/p>\n<p>Un participante del Programa de Empleo Joven del CRL &#8220;Fuenlabrada&#8221; ha sido <strong>evaluado de forma voluntaria por las logopedas del <a href=\"https:\/\/centroedia.com\/\" rel=\"noopener\" target=\"_blank\">Centro Edia<\/a><\/strong>. El joven es una persona de 20 a\u00f1os originaria de un pa\u00eds de Centroam\u00e9rica y est\u00e1 tramitando su permiso de residencia y trabajo mientras estudia la ESO. <\/p>\n<p><strong>Volver a estudiar le est\u00e1 suponiendo un duro esfuerzo.<\/strong> Cuando lleg\u00f3 a Espa\u00f1a, sufri\u00f3 acoso en la escuela tanto por su origen, su f\u00edsico y acento, como por su forma de pronunciar la letra R. <\/p>\n<p>Hasta ahora, <strong>nunca hab\u00eda tenido oportunidad de ser valorado por un servicio de logopedia.<\/strong> Ni en su infancia, ni durante su adolescencia y juventud ha recibido ning\u00fan consejo o tratamiento profesional. <\/p>\n<p>Gracias a la red local de <strong>ayuda comunitaria<\/strong>, este joven se puso en contacto las profesionales del <strong>Centro Edia, especialistas en logopedia, atenci\u00f3n temprana, terapia ocupacional y psicolog\u00eda, que trabajan en Fuenlabrada.<\/strong> En Edia act\u00faan con unos principios de <strong>ayuda al pr\u00f3jimo -en el contexto de la construcci\u00f3n de una red comunitaria- que compartimos plenamente en Fundaci\u00f3n Manantial.<\/strong><\/p>\n<p>As\u00ed, se desarroll\u00f3 un trabajo de <strong>coordinaci\u00f3n entre ambos equipos profesionales<\/strong> que posibilit\u00f3 que el joven recibiera <strong>una valoraci\u00f3n logop\u00e9dica espec\u00edfica y establecieron unos objetivos de tratamiento con \u00e9l<\/strong>. El chico no tiene ning\u00fan problema en el frenillo y su problema de pronunciaci\u00f3n se resolver\u00e1 con unos ejercicios que tendr\u00e1 que practicar diariamente. Constancia no le va a faltar porque es una persona con gran capacidad de trabajo y de resistencia probada antes las adversidades, y los beneficios para \u00e9l ya se est\u00e1n haciendo evidentes.<\/p>\n<p>Compartimos este caso como <strong>un ejemplo de que una atenci\u00f3n integral, apoyada en el tejido comunitario, es la v\u00eda m\u00e1s saludable y efectiva para alcanzar logros significativos en un proceso de rehabilitaci\u00f3n laboral.<\/strong><\/p>\n<p><em>Centro de Rehabilitaci\u00f3n Laboral (CRL) &#8220;Fuenlabrada&#8221;<\/em><\/p>\n","protected":false},"excerpt":{"rendered":"<p>La siguiente es una breve rese\u00f1a de una intervenci\u00f3n llevada a cabo en el Centro de Rehabilitaci\u00f3n Laboral (CRL) &#8220;Fuenlabrada&#8221; que implica a un agente de salud del municipio y que tiene una influencia decisiva en el proceso de rehabilitaci\u00f3n laboral de un usuario joven. Un participante del Programa de Empleo Joven del CRL &#8220;Fuenlabrada&#8221; [&hellip;]<\/p>\n","protected":false},"author":1,"featured_media":4100,"comment_status":"open","ping_status":"closed","sticky":false,"template":"","format":"standard","meta":{"_acf_changed":false,"give_campaign_id":0,"_seopress_robots_primary_cat":"","_seopress_titles_title":"","_seopress_titles_desc":"","_seopress_robots_index":"","footnotes":""},"categories":[41],"tags":[124,60,85,242,61,63,729,516,180,152],"class_list":["post-4099","post","type-post","status-publish","format-standard","has-post-thumbnail","hentry","category-blog-salud-mental","tag-comunidad","tag-empleo","tag-fundacion-manantial","tag-fundacionmanantial","tag-inclusion","tag-laboral","tag-logopeda","tag-rehabilitacion","tag-saludmental","tag-trabajo"],"acf":[],"_links":{"self":[{"href":"https:\/\/www.fundacionmanantial.org\/en\/wp-json\/wp\/v2\/posts\/4099","targetHints":{"allow":["GET"]}}],"collection":[{"href":"https:\/\/www.fundacionmanantial.org\/en\/wp-json\/wp\/v2\/posts"}],"about":[{"href":"https:\/\/www.fundacionmanantial.org\/en\/wp-json\/wp\/v2\/types\/post"}],"author":[{"embeddable":true,"href":"https:\/\/www.fundacionmanantial.org\/en\/wp-json\/wp\/v2\/users\/1"}],"replies":[{"embeddable":true,"href":"https:\/\/www.fundacionmanantial.org\/en\/wp-json\/wp\/v2\/comments?post=4099"}],"version-history":[{"count":0,"href":"https:\/\/www.fundacionmanantial.org\/en\/wp-json\/wp\/v2\/posts\/4099\/revisions"}],"wp:featuredmedia":[{"embeddable":true,"href":"https:\/\/www.fundacionmanantial.org\/en\/wp-json\/wp\/v2\/media\/4100"}],"wp:attachment":[{"href":"https:\/\/www.fundacionmanantial.org\/en\/wp-json\/wp\/v2\/media?parent=4099"}],"wp:term":[{"taxonomy":"category","embeddable":true,"href":"https:\/\/www.fundacionmanantial.org\/en\/wp-json\/wp\/v2\/categories?post=4099"},{"taxonomy":"post_tag","embeddable":true,"href":"https:\/\/www.fundacionmanantial.org\/en\/wp-json\/wp\/v2\/tags?post=4099"}],"curies":[{"name":"wp","href":"https:\/\/api.w.org\/{rel}","templated":true}]}}