{"id":4096,"date":"2023-07-24T07:22:04","date_gmt":"2023-07-24T06:22:04","guid":{"rendered":"https:\/\/www.fundacionmanantial.org\/trabajar-con-las-historias-de-abuso-sexual\/"},"modified":"2023-07-24T07:22:04","modified_gmt":"2023-07-24T06:22:04","slug":"trabajar-con-las-historias-de-abuso-sexual","status":"publish","type":"post","link":"https:\/\/www.fundacionmanantial.org\/en\/trabajar-con-las-historias-de-abuso-sexual\/","title":{"rendered":"&#8220;Trabajar con las historias de abuso sexual&#8221;"},"content":{"rendered":"<p>Realizar el curso <strong>&#8220;Trabajar con las historias de abuso sexual&#8221;<\/strong> ha sido una experiencia en todos los sentidos. Este escrito me permite reflexionar sobre todas las emociones, pensamientos  y tambi\u00e9n herramientas que adquir\u00ed ese d\u00eda.<\/p>\n<p>Inicialmente, creo que la formadora supo transmitir con toda la sensibilidad y contundencia la importancia y envergadura del tema, lo <strong>impactante de las cifras de personas que sufren abuso sexual en todo el mundo y el impacto que tiene en su vida, as\u00ed como valorar la importancia de abordarlo en el trabajo con los usuarios<\/strong>, dando cabida a que la persona pueda reconstruir su historia.<\/p>\n<p>Este curso me ha permitido darme cuenta de <strong>la importancia de seguir form\u00e1ndonos<\/strong>, de poder adquirir mayor amplitud en nuestra mirada cuando trabajamos. No dar nada por hecho y <strong>conceder a la persona un espacio seguro donde exista la posibilidad de abordar todos los temas que le dificultan.<\/strong><\/p>\n<p>Este tipo de formaciones nos hacen introducirnos en <strong>temas que nos resulta dif\u00edcil abordar con los usuarios<\/strong>, por ello, considero que poder ampliar la formaci\u00f3n con nuevos cursos que contin\u00faen esta tem\u00e1tica ser\u00eda muy rico para dotar de herramientas a los profesionales, para que puedan trabajar sinti\u00e9ndose m\u00e1s seguros y as\u00ed contribuir a <strong>eliminar el tab\u00fa existente en relaci\u00f3n al abuso sexual.<\/strong><\/p>\n<p>Como empezaba diciendo en este escrito, ha sido un curso muy interesante, impactante e incluso emocionante. <\/p>\n<p><em>Irene Barrag\u00e1n. Residencia &#8220;Torrej\u00f3n&#8221;.<\/em><\/p>\n","protected":false},"excerpt":{"rendered":"<p>Realizar el curso &#8220;Trabajar con las historias de abuso sexual&#8221; ha sido una experiencia en todos los sentidos. Este escrito me permite reflexionar sobre todas las emociones, pensamientos y tambi\u00e9n herramientas que adquir\u00ed ese d\u00eda. Inicialmente, creo que la formadora supo transmitir con toda la sensibilidad y contundencia la importancia y envergadura del tema, lo [&hellip;]<\/p>\n","protected":false},"author":1,"featured_media":3910,"comment_status":"open","ping_status":"closed","sticky":false,"template":"","format":"standard","meta":{"_acf_changed":false,"give_campaign_id":0,"_seopress_robots_primary_cat":"","_seopress_titles_title":"","_seopress_titles_desc":"","_seopress_robots_index":"","footnotes":""},"categories":[41],"tags":[727,683,84,85,728,65],"class_list":["post-4096","post","type-post","status-publish","format-standard","has-post-thumbnail","hentry","category-blog-salud-mental","tag-desarrollo-personal","tag-desarrollo-profesional","tag-formacion","tag-fundacion-manantial","tag-recursos-humanos","tag-salud-mental"],"acf":[],"_links":{"self":[{"href":"https:\/\/www.fundacionmanantial.org\/en\/wp-json\/wp\/v2\/posts\/4096","targetHints":{"allow":["GET"]}}],"collection":[{"href":"https:\/\/www.fundacionmanantial.org\/en\/wp-json\/wp\/v2\/posts"}],"about":[{"href":"https:\/\/www.fundacionmanantial.org\/en\/wp-json\/wp\/v2\/types\/post"}],"author":[{"embeddable":true,"href":"https:\/\/www.fundacionmanantial.org\/en\/wp-json\/wp\/v2\/users\/1"}],"replies":[{"embeddable":true,"href":"https:\/\/www.fundacionmanantial.org\/en\/wp-json\/wp\/v2\/comments?post=4096"}],"version-history":[{"count":0,"href":"https:\/\/www.fundacionmanantial.org\/en\/wp-json\/wp\/v2\/posts\/4096\/revisions"}],"wp:featuredmedia":[{"embeddable":true,"href":"https:\/\/www.fundacionmanantial.org\/en\/wp-json\/wp\/v2\/media\/3910"}],"wp:attachment":[{"href":"https:\/\/www.fundacionmanantial.org\/en\/wp-json\/wp\/v2\/media?parent=4096"}],"wp:term":[{"taxonomy":"category","embeddable":true,"href":"https:\/\/www.fundacionmanantial.org\/en\/wp-json\/wp\/v2\/categories?post=4096"},{"taxonomy":"post_tag","embeddable":true,"href":"https:\/\/www.fundacionmanantial.org\/en\/wp-json\/wp\/v2\/tags?post=4096"}],"curies":[{"name":"wp","href":"https:\/\/api.w.org\/{rel}","templated":true}]}}