{"id":4094,"date":"2023-07-17T09:00:53","date_gmt":"2023-07-17T08:00:53","guid":{"rendered":"https:\/\/www.fundacionmanantial.org\/con-el-colchon-vacio\/"},"modified":"2023-07-17T09:00:53","modified_gmt":"2023-07-17T08:00:53","slug":"con-el-colchon-vacio","status":"publish","type":"post","link":"https:\/\/www.fundacionmanantial.org\/en\/con-el-colchon-vacio\/","title":{"rendered":"Con el colch\u00f3n vac\u00edo"},"content":{"rendered":"<p>No quiero despertar<br \/>\notro amanecer<br \/>\ncon el colch\u00f3n vac\u00edo,<br \/>\nsin nadie conmigo.<br \/>\n&nbsp;<\/p>\n<div>\nA solas con mi soledad<br \/>\ny con mi lamento eterno,<br \/>\ntriste y a la vez tan fr\u00edo<br \/>\nque quiero morir.<br \/>\n&nbsp;<\/p>\n<div>\nSiento el pasar del tiempo<br \/>\ny toda una vida desperdiciada,<br \/>\nsiendo una estaci\u00f3n de tren<br \/>\nen la que nadie para.<br \/>\n&nbsp;<\/p>\n<div>\nY nadie para&#8230;<br \/>\nNunca se queda nadie a conocerme<br \/>\nY para&#8230;<br \/>\nPara que le susurre al o\u00eddo<br \/>\nmis secretos y vivencias raras.<br \/>\n&nbsp;<\/p>\n<div>\nY nadie para&#8230;<br \/>\nNunca se queda nadie a conocerme<br \/>\nY para&#8230;<br \/>\nPara que le susurre al o\u00eddo<br \/>\nMis secretos y vivencias raras.<br \/>\n&nbsp;<\/p>\n<div>\nSiento el pasar del tiempo<br \/>\ny toda una vida desperdiciada,<br \/>\nsiendo una estaci\u00f3n de tren<br \/>\nen la que nadie para.<br \/>\n&nbsp;<\/p>\n<div>\nY nadie para&#8230;<br \/>\nNunca se queda nadie a conocerme<br \/>\nY para&#8230;<br \/>\nPara que le susurre al o\u00eddo<br \/>\nmis secretos y vivencias raras.<br \/>\n&nbsp;<\/p>\n<div>\nNo quiero despertar<br \/>\notro amanecer<br \/>\ncon el colch\u00f3n vac\u00edo,<br \/>\nsin nadie conmigo.<br \/>\n&nbsp;<\/p>\n<div>\nA solas con mi soledad<br \/>\ny con mi lamento eterno,<br \/>\ntriste y a la vez tan fr\u00edo<br \/>\nque quiero morir.<br \/>\n&nbsp;<\/p>\n<div>\nSiento el pasar del tiempo<br \/>\ny toda una vida desperdiciada,<br \/>\nsiendo una estaci\u00f3n de tren<br \/>\nen la que nadie para.<br \/>\n&nbsp;<\/p>\n<div>\nY nadie para&#8230;<br \/>\nNunca se queda nadie a conocerme<br \/>\nY para&#8230;<br \/>\nPara que le susurre al o\u00eddo<br \/>\nmis secretos y vivencias raras.<br \/>\n&nbsp;<\/p>\n<div>\nY nadie para&#8230;<br \/>\nNunca se queda nadie a conocerme<br \/>\nY para&#8230;<br \/>\nPara que le susurre al o\u00eddo<br \/>\nmis secretos y vivencias raras.<br \/>\n&nbsp;<\/p>\n<div>\n&nbsp;<\/p>\n<div>\nEspero que sea \u00fatil, porque as\u00ed nos sentimos muchas personas con problemas de salud mental con respecto al amor y la soledad no deseada.<br \/>\n&nbsp;<\/p>\n<div>\n<em>Pedro Lara<\/em><br \/>\n&nbsp;<\/p>\n<div>\n","protected":false},"excerpt":{"rendered":"<p>No quiero despertar otro amanecer con el colch\u00f3n vac\u00edo, sin nadie conmigo. &nbsp; A solas con mi soledad y con mi lamento eterno, triste y a la vez tan fr\u00edo que quiero morir. &nbsp; Siento el pasar del tiempo y toda una vida desperdiciada, siendo una estaci\u00f3n de tren en la que nadie para. &nbsp; [&hellip;]<\/p>\n","protected":false},"author":1,"featured_media":4095,"comment_status":"open","ping_status":"closed","sticky":false,"template":"","format":"standard","meta":{"_acf_changed":false,"give_campaign_id":0,"_seopress_robots_primary_cat":"","_seopress_titles_title":"","_seopress_titles_desc":"","_seopress_robots_index":"","footnotes":""},"categories":[41],"tags":[725,430,719,180,144,726],"class_list":["post-4094","post","type-post","status-publish","format-standard","has-post-thumbnail","hentry","category-blog-salud-mental","tag-cancion","tag-en-primera-persona","tag-poema","tag-saludmental","tag-soledad","tag-soledadnodeseada"],"acf":[],"_links":{"self":[{"href":"https:\/\/www.fundacionmanantial.org\/en\/wp-json\/wp\/v2\/posts\/4094","targetHints":{"allow":["GET"]}}],"collection":[{"href":"https:\/\/www.fundacionmanantial.org\/en\/wp-json\/wp\/v2\/posts"}],"about":[{"href":"https:\/\/www.fundacionmanantial.org\/en\/wp-json\/wp\/v2\/types\/post"}],"author":[{"embeddable":true,"href":"https:\/\/www.fundacionmanantial.org\/en\/wp-json\/wp\/v2\/users\/1"}],"replies":[{"embeddable":true,"href":"https:\/\/www.fundacionmanantial.org\/en\/wp-json\/wp\/v2\/comments?post=4094"}],"version-history":[{"count":0,"href":"https:\/\/www.fundacionmanantial.org\/en\/wp-json\/wp\/v2\/posts\/4094\/revisions"}],"wp:featuredmedia":[{"embeddable":true,"href":"https:\/\/www.fundacionmanantial.org\/en\/wp-json\/wp\/v2\/media\/4095"}],"wp:attachment":[{"href":"https:\/\/www.fundacionmanantial.org\/en\/wp-json\/wp\/v2\/media?parent=4094"}],"wp:term":[{"taxonomy":"category","embeddable":true,"href":"https:\/\/www.fundacionmanantial.org\/en\/wp-json\/wp\/v2\/categories?post=4094"},{"taxonomy":"post_tag","embeddable":true,"href":"https:\/\/www.fundacionmanantial.org\/en\/wp-json\/wp\/v2\/tags?post=4094"}],"curies":[{"name":"wp","href":"https:\/\/api.w.org\/{rel}","templated":true}]}}