{"id":4092,"date":"2023-07-12T10:42:35","date_gmt":"2023-07-12T09:42:35","guid":{"rendered":"https:\/\/www.fundacionmanantial.org\/la-maternidad-en-prision\/"},"modified":"2023-07-12T10:42:35","modified_gmt":"2023-07-12T09:42:35","slug":"la-maternidad-en-prision","status":"publish","type":"post","link":"https:\/\/www.fundacionmanantial.org\/en\/la-maternidad-en-prision\/","title":{"rendered":"La maternidad en prisi\u00f3n"},"content":{"rendered":"<p>El equipo de <a href=\"https:\/\/mascasaverde.org\/\" rel=\"noopener\" target=\"_blank\">Casa Verde<\/a> fuimos a la Unidad de madres del <strong><a href=\"http:\/\/www.prisiones.info\/prisiones\/madrid\/centro-de-insercion-social-victoria-kent-centro-penitenciario.html\">Centro de Inserci\u00f3n Social Victoria Kent<\/a>, donde pueden estar madres que est\u00e1n cumpliendo condena con sus  hijos de hasta 3 a\u00f1os<\/strong>. <strong>Si es dif\u00edcil la maternidad, en el contexto de una prisi\u00f3n resulta much\u00edsimo m\u00e1s complicado.<\/strong> El centro es un espacio amable y acogedor donde las madres est\u00e1n con sus beb\u00e9s en unas casitas que gozan de todo tipo de comodidades. <strong>Nada recuerda a una prisi\u00f3n, el ambiente y el ruido infantil se filtran por los rincones.<\/strong><\/p>\n<p>All\u00ed realizamos un taller en el que participaron siete beb\u00e9s. Nuestra propuesta consist\u00eda en pasar un par de horas agradables junto a las mam\u00e1s y sus beb\u00e9s, y proponer juegos acordes al momento evolutivo de los m\u00e1s peque\u00f1os. <strong>Cuando se trabaja con el v\u00ednculo no se trata de aprendizaje, sino de poder establecer experiencias que sean significativas<\/strong>. <\/p>\n<p>El taller iba orientado a <strong>provocar sorpresa y curiosidad por algo que viniera de fuera, del mundo<\/strong>. Elegimos como tem\u00e1tica \u201c<strong>El aire<\/strong>\u201d. Envolvimos el aire en globos y tambi\u00e9n recubrimos el aire con jab\u00f3n. <strong>Globos y pompas produjeron risas, sorpresas, algunos llantos, risas y m\u00e1s risas<\/strong>\u2026 Impactan las risas de las mam\u00e1s ante las reacciones de sus beb\u00e9s. Para nosotras no deja de ser una sorpresa: <strong>\u00bfes posible que nunca hayan visto pompas, ni jugado con globos?<\/strong><\/p>\n<p>Fue un primer contacto, un acercamiento. Hubo momentos de conexi\u00f3n y desconexi\u00f3n, momentos de encuentro entre todas, entre ellas y sus beb\u00e9s, algo de ilusi\u00f3n en el rostro. Algunas nos recordaban que estaban all\u00ed porque no ten\u00edan otra alternativa. <strong>Una propuesta para poder continuar en la creaci\u00f3n de un v\u00ednculo que proteger\u00e1 para toda la vida.<\/strong> <\/p>\n<p>La invitaci\u00f3n est\u00e1 abierta para estas mam\u00e1s. <strong>\u00a1Nos reencontramos en Casa Verde en septiembre!<\/strong><\/p>\n","protected":false},"excerpt":{"rendered":"<p>El equipo de Casa Verde fuimos a la Unidad de madres del Centro de Inserci\u00f3n Social Victoria Kent, donde pueden estar madres que est\u00e1n cumpliendo condena con sus hijos de hasta 3 a\u00f1os. Si es dif\u00edcil la maternidad, en el contexto de una prisi\u00f3n resulta much\u00edsimo m\u00e1s complicado. El centro es un espacio amable y [&hellip;]<\/p>\n","protected":false},"author":1,"featured_media":4093,"comment_status":"open","ping_status":"closed","sticky":false,"template":"","format":"standard","meta":{"_acf_changed":false,"give_campaign_id":0,"_seopress_robots_primary_cat":"","_seopress_titles_title":"","_seopress_titles_desc":"","_seopress_robots_index":"","footnotes":""},"categories":[41],"tags":[174,85],"class_list":["post-4092","post","type-post","status-publish","format-standard","has-post-thumbnail","hentry","category-blog-salud-mental","tag-casa-verde","tag-fundacion-manantial"],"acf":[],"_links":{"self":[{"href":"https:\/\/www.fundacionmanantial.org\/en\/wp-json\/wp\/v2\/posts\/4092","targetHints":{"allow":["GET"]}}],"collection":[{"href":"https:\/\/www.fundacionmanantial.org\/en\/wp-json\/wp\/v2\/posts"}],"about":[{"href":"https:\/\/www.fundacionmanantial.org\/en\/wp-json\/wp\/v2\/types\/post"}],"author":[{"embeddable":true,"href":"https:\/\/www.fundacionmanantial.org\/en\/wp-json\/wp\/v2\/users\/1"}],"replies":[{"embeddable":true,"href":"https:\/\/www.fundacionmanantial.org\/en\/wp-json\/wp\/v2\/comments?post=4092"}],"version-history":[{"count":0,"href":"https:\/\/www.fundacionmanantial.org\/en\/wp-json\/wp\/v2\/posts\/4092\/revisions"}],"wp:featuredmedia":[{"embeddable":true,"href":"https:\/\/www.fundacionmanantial.org\/en\/wp-json\/wp\/v2\/media\/4093"}],"wp:attachment":[{"href":"https:\/\/www.fundacionmanantial.org\/en\/wp-json\/wp\/v2\/media?parent=4092"}],"wp:term":[{"taxonomy":"category","embeddable":true,"href":"https:\/\/www.fundacionmanantial.org\/en\/wp-json\/wp\/v2\/categories?post=4092"},{"taxonomy":"post_tag","embeddable":true,"href":"https:\/\/www.fundacionmanantial.org\/en\/wp-json\/wp\/v2\/tags?post=4092"}],"curies":[{"name":"wp","href":"https:\/\/api.w.org\/{rel}","templated":true}]}}