{"id":4091,"date":"2023-06-30T08:19:15","date_gmt":"2023-06-30T07:19:15","guid":{"rendered":"https:\/\/www.fundacionmanantial.org\/el-sufrimiento-humano\/"},"modified":"2023-06-30T08:19:15","modified_gmt":"2023-06-30T07:19:15","slug":"el-sufrimiento-humano","status":"publish","type":"post","link":"https:\/\/www.fundacionmanantial.org\/en\/el-sufrimiento-humano\/","title":{"rendered":"&#8220;El sufrimiento humano&#8221;"},"content":{"rendered":"\n<p><strong>Cuando se habla de sufrimiento humano, muchas personas pueden pensar que est\u00e1 lejos<\/strong>. Cuando se acerca y empieza a incomodar, con apagar la TV o cambiar de canal y dejar de ver las noticias, se vuelve a alejar. Pero desafortunadamente, no es as\u00ed.<\/p>\n\n\n\n<p>El sufrimiento tiene muchas caras distintas. Simplemente hay que abrir un poco los ojos y ver c\u00f3mo cada d\u00eda nos cruzamos y nos relacionamos con personas que sufren mucho a diario.<\/p>\n\n\n\n<p>Sin ir m\u00e1s lejos, <strong>la mayor\u00eda de las personas con las que trabajamos han sufrido desde hace mucho tiempo<\/strong>, sufren en la actualidad y, lamentablemente, muchas seguir\u00e1n sufriendo en un futuro.<\/p>\n\n\n\n<p>Por este motivo, desde que <strong>vi en el plan de formaci\u00f3n \u201cEl sufrimiento humano\u201d<\/strong>, me pareci\u00f3 buena idea apuntarme. Este sentimiento se increment\u00f3 cuando vi que estaba impartido por <strong><a href=\"https:\/\/www.laotrapsiquiatria.com\/tag\/fernando-colina\/\" target=\"_blank\" rel=\"noreferrer noopener\">Fernando Colina<\/a> <\/strong>y por <strong><a href=\"https:\/\/www.youtube.com\/watch?v=hV6Aajfi4oE\" target=\"_blank\" rel=\"noreferrer noopener\">Laura Mart\u00edn<\/a><\/strong>, as\u00ed que no lo dud\u00e9. Me apunt\u00e9 y tuve la suerte de ser seleccionado.<\/p>\n\n\n\n<p>Ambos han sabido compartir sus conocimientos de una forma clara, amena, e incluso con alg\u00fan tinte de humor por parte de Fernando, que han hecho que las 10 horas hayan pasado de la mejor manera posible. \u00bfQue cu\u00e1l es la mejor manera posible? Pues en la que <strong>adem\u00e1s de aprender, disfrutas haci\u00e9ndolo. <\/strong>\u00a0<\/p>\n\n\n\n<p>Desde el principio han dejado patente su postura ante la medicaci\u00f3n y sobre intentar atajar la cl\u00ednica de las personas sin conocer previamente cu\u00e1l es el causante de su malestar. De igual manera, comentan que <strong>las etiquetas lo \u00fanico que se\u00f1alan es lo que tiene la persona, pero no qu\u00e9 le pasa<\/strong>. As\u00ed mismo se\u00f1alan que hay que tener muy presente que <strong>una persona es un sujeto de derecho y no s\u00f3lo un sujeto de cuidado al que se le puedan anular sus derechos por cuidarle<\/strong>, tiene que haber siempre un equilibrio entre ambas.<\/p>\n\n\n\n<p>Tambi\u00e9n hablan sobre <strong>nuestro trabajo como profesionales. Tiene que ser el de acompa\u00f1antes ante la soledad con la misi\u00f3n de poder otorgar m\u00e1s herramientas para mejorar el momento en el que llega el desbordamiento, para tratar que este llegue m\u00e1s tarde, o para que se pueda identificar momentos previos a este, y as\u00ed poder reducir en gran medida el sufrimiento.<\/strong><\/p>\n\n\n\n<p>Nos recuerdan que un delirio no es m\u00e1s que una defensa ante una vulnerabilidad mayor, <em>\u201cmejor perseguido, que solo\u201d<\/em>, por esta raz\u00f3n, <strong>no hay que apagar del todo el delirio, sino saber con cu\u00e1nto delirio puede estar bien la persona.<\/strong><\/p>\n\n\n\n<p>A lo largo de toda la formaci\u00f3n, surgen multitud de reflexiones, que en ocasiones <strong>hacen que te plantees si est\u00e1s haciendo bien tu trabajo<\/strong>. Al menos a m\u00ed me pas\u00f3. <strong>Creo que poder escuchar a personas con un rodaje mayor que el nuestro<\/strong>, aparte de ser una suerte, <strong>siempre debe hacer que nuestros pilares se tambaleen un poco con el fin de poder desempolvarlos<\/strong>, y si esto hace que esos pilares se refuercen m\u00e1s y podamos mejorar nuestra atenci\u00f3n a las personas con las que trabajamos, mucho mejor.<\/p>\n\n\n\n<p>Creo que, aunque algunas de las ideas que surgieron a lo largo de estas 10 horas puedan parecer dif\u00edciles de alcanzar, no significa que poco a poco podamos ir remando juntos en esa direcci\u00f3n y se conviertan en una realidad gracias a la cual, <strong>podamos reducir ese \u201cSufrimiento humano\u201d<\/strong>.<\/p>\n\n\n\n<p><strong>Gracias Fernando, gracias Laura, siempre ser\u00e1 un placer disfrutar de vuestro conocimiento.<\/strong><\/p>\n\n\n\n<div style=\"height:48px\" aria-hidden=\"true\" class=\"wp-block-spacer\"><\/div>\n\n\n\n<p><em>Alfonso Arias. Centro de Rehabilitaci\u00f3n Laboral &#8220;San Blas&#8221;<\/em><\/p>\n\n\n\n<div style=\"height:83px\" aria-hidden=\"true\" class=\"wp-block-spacer\"><\/div>\n","protected":false},"excerpt":{"rendered":"<p>Cuando se habla de sufrimiento humano, muchas personas pueden pensar que est\u00e1 lejos. Cuando se acerca y empieza a incomodar, con apagar la TV o cambiar de canal y dejar de ver las noticias, se vuelve a alejar. Pero desafortunadamente, no es as\u00ed. El sufrimiento tiene muchas caras distintas. Simplemente hay que abrir un poco [&hellip;]<\/p>\n","protected":false},"author":1,"featured_media":3910,"comment_status":"open","ping_status":"closed","sticky":false,"template":"","format":"standard","meta":{"_acf_changed":false,"give_campaign_id":0,"_seopress_robots_primary_cat":"","_seopress_titles_title":"","_seopress_titles_desc":"","_seopress_robots_index":"","footnotes":""},"categories":[41],"tags":[107,84,85,64,516,65,111],"class_list":["post-4091","post","type-post","status-publish","format-standard","has-post-thumbnail","hentry","category-blog-salud-mental","tag-estigma","tag-formacion","tag-fundacion-manantial","tag-recuperacion","tag-rehabilitacion","tag-salud-mental","tag-sensibilizacion"],"acf":[],"_links":{"self":[{"href":"https:\/\/www.fundacionmanantial.org\/en\/wp-json\/wp\/v2\/posts\/4091","targetHints":{"allow":["GET"]}}],"collection":[{"href":"https:\/\/www.fundacionmanantial.org\/en\/wp-json\/wp\/v2\/posts"}],"about":[{"href":"https:\/\/www.fundacionmanantial.org\/en\/wp-json\/wp\/v2\/types\/post"}],"author":[{"embeddable":true,"href":"https:\/\/www.fundacionmanantial.org\/en\/wp-json\/wp\/v2\/users\/1"}],"replies":[{"embeddable":true,"href":"https:\/\/www.fundacionmanantial.org\/en\/wp-json\/wp\/v2\/comments?post=4091"}],"version-history":[{"count":0,"href":"https:\/\/www.fundacionmanantial.org\/en\/wp-json\/wp\/v2\/posts\/4091\/revisions"}],"wp:featuredmedia":[{"embeddable":true,"href":"https:\/\/www.fundacionmanantial.org\/en\/wp-json\/wp\/v2\/media\/3910"}],"wp:attachment":[{"href":"https:\/\/www.fundacionmanantial.org\/en\/wp-json\/wp\/v2\/media?parent=4091"}],"wp:term":[{"taxonomy":"category","embeddable":true,"href":"https:\/\/www.fundacionmanantial.org\/en\/wp-json\/wp\/v2\/categories?post=4091"},{"taxonomy":"post_tag","embeddable":true,"href":"https:\/\/www.fundacionmanantial.org\/en\/wp-json\/wp\/v2\/tags?post=4091"}],"curies":[{"name":"wp","href":"https:\/\/api.w.org\/{rel}","templated":true}]}}