{"id":4090,"date":"2023-06-28T07:17:59","date_gmt":"2023-06-28T06:17:59","guid":{"rendered":"https:\/\/www.fundacionmanantial.org\/rehabilitacion-psicosocial-favoreciendo-la-reconstruccion-subjetiva-en-comunidad\/"},"modified":"2023-06-28T07:17:59","modified_gmt":"2023-06-28T06:17:59","slug":"rehabilitacion-psicosocial-favoreciendo-la-reconstruccion-subjetiva-en-comunidad","status":"publish","type":"post","link":"https:\/\/www.fundacionmanantial.org\/en\/rehabilitacion-psicosocial-favoreciendo-la-reconstruccion-subjetiva-en-comunidad\/","title":{"rendered":"\u201cRehabilitaci\u00f3n psicosocial: favoreciendo la reconstrucci\u00f3n subjetiva en comunidad\u201d"},"content":{"rendered":"\n<p>Desde el inicio de la <strong>formaci\u00f3n \u201cRehabilitaci\u00f3n psicosocial: favoreciendo la reconstrucci\u00f3n subjetiva en comunidad\u201d<\/strong>, <a href=\"https:\/\/es.linkedin.com\/in\/miguel-angel-castej%C3%B3n-bellmunt-489a44198\" target=\"_blank\" rel=\"noreferrer noopener\">Miguel \u00c1ngel Castej\u00f3n<\/a> no deja de hacer hincapi\u00e9 en lo importante que es <strong>entender la historia y el recorrido vital de las personas con sufrimiento ps\u00edquico<\/strong>, as\u00ed como de acompa\u00f1arles en el proceso de encontrar y\/o construir una explicaci\u00f3n ben\u00e9vola, sin juicios ni castigos, que permita <strong>comprender qu\u00e9 les ha pasado para llegar a su situaci\u00f3n actual.<\/strong><\/p>\n\n\n\n<p>Para poder ofrecer apoyos en la construcci\u00f3n de un proyecto de vida, debemos <strong>huir de los planteamientos de la l\u00f3gica biom\u00e9dica e interesarnos, de manera curiosa y respetuosa, por la persona y sus experiencias vitales, as\u00ed como facilitarle espacios en que se sienta validad<\/strong>. Este debe ser nuestro punto de partida.<\/p>\n\n\n\n<p>La esperanza siempre es fundamental, pero especialmente en aquellos contextos en que las personas han sido vulneradas, como es el caso de las personas con sufrimiento ps\u00edquico. <strong>Conocer a la persona, c\u00f3mo se form\u00f3 su psiquismo y su subjetividad es fundamental para poder mantener una relaci\u00f3n basada en el respeto y la colaboraci\u00f3n<\/strong>, en la que lo importante sea siempre el proceso y no tanto los resultados.<\/p>\n\n\n\n<p><strong>No hay mejor tratamiento que el trato.<\/strong> La comunicaci\u00f3n bidireccional, hablar de nuestros miedos, nuestras preocupaciones, estar disponible,\u2026 nos va a ayudar a generar relaciones de confianza y espacios de reconstrucci\u00f3n con aquellas personas que han sido da\u00f1adas. Y nunca debemos olvidar que <strong>la vulnerabilidad es colectiva, no individual<\/strong>, por lo que todas las personas necesitamos a lxs dem\u00e1s para vivir y desarrollar nuestros proyectos, siendo <strong>nuestra obligaci\u00f3n apoyar a aquellas personas que han sido especialmente vulneradas, debido a sus condiciones sociales y circunstancias vitales<\/strong>.<\/p>\n\n\n\n<div style=\"height:57px\" aria-hidden=\"true\" class=\"wp-block-spacer\"><\/div>\n\n\n\n<p><em>Cinta Monle\u00f3n. Vivienda supervisada Vall d&#8217;Uix\u00f3.<\/em><\/p>\n\n\n\n<div style=\"height:100px\" aria-hidden=\"true\" class=\"wp-block-spacer\"><\/div>\n","protected":false},"excerpt":{"rendered":"<p>Desde el inicio de la formaci\u00f3n \u201cRehabilitaci\u00f3n psicosocial: favoreciendo la reconstrucci\u00f3n subjetiva en comunidad\u201d, Miguel \u00c1ngel Castej\u00f3n no deja de hacer hincapi\u00e9 en lo importante que es entender la historia y el recorrido vital de las personas con sufrimiento ps\u00edquico, as\u00ed como de acompa\u00f1arles en el proceso de encontrar y\/o construir una explicaci\u00f3n ben\u00e9vola, sin [&hellip;]<\/p>\n","protected":false},"author":1,"featured_media":3910,"comment_status":"open","ping_status":"closed","sticky":false,"template":"","format":"standard","meta":{"_acf_changed":false,"give_campaign_id":0,"_seopress_robots_primary_cat":"","_seopress_titles_title":"","_seopress_titles_desc":"","_seopress_robots_index":"","footnotes":""},"categories":[41],"tags":[],"class_list":["post-4090","post","type-post","status-publish","format-standard","has-post-thumbnail","hentry","category-blog-salud-mental"],"acf":[],"_links":{"self":[{"href":"https:\/\/www.fundacionmanantial.org\/en\/wp-json\/wp\/v2\/posts\/4090","targetHints":{"allow":["GET"]}}],"collection":[{"href":"https:\/\/www.fundacionmanantial.org\/en\/wp-json\/wp\/v2\/posts"}],"about":[{"href":"https:\/\/www.fundacionmanantial.org\/en\/wp-json\/wp\/v2\/types\/post"}],"author":[{"embeddable":true,"href":"https:\/\/www.fundacionmanantial.org\/en\/wp-json\/wp\/v2\/users\/1"}],"replies":[{"embeddable":true,"href":"https:\/\/www.fundacionmanantial.org\/en\/wp-json\/wp\/v2\/comments?post=4090"}],"version-history":[{"count":0,"href":"https:\/\/www.fundacionmanantial.org\/en\/wp-json\/wp\/v2\/posts\/4090\/revisions"}],"wp:featuredmedia":[{"embeddable":true,"href":"https:\/\/www.fundacionmanantial.org\/en\/wp-json\/wp\/v2\/media\/3910"}],"wp:attachment":[{"href":"https:\/\/www.fundacionmanantial.org\/en\/wp-json\/wp\/v2\/media?parent=4090"}],"wp:term":[{"taxonomy":"category","embeddable":true,"href":"https:\/\/www.fundacionmanantial.org\/en\/wp-json\/wp\/v2\/categories?post=4090"},{"taxonomy":"post_tag","embeddable":true,"href":"https:\/\/www.fundacionmanantial.org\/en\/wp-json\/wp\/v2\/tags?post=4090"}],"curies":[{"name":"wp","href":"https:\/\/api.w.org\/{rel}","templated":true}]}}