{"id":4048,"date":"2023-02-13T11:26:02","date_gmt":"2023-02-13T10:26:02","guid":{"rendered":"https:\/\/www.fundacionmanantial.org\/las-luciernagas\/"},"modified":"2023-02-13T11:26:02","modified_gmt":"2023-02-13T10:26:02","slug":"las-luciernagas","status":"publish","type":"post","link":"https:\/\/www.fundacionmanantial.org\/en\/las-luciernagas\/","title":{"rendered":"Las luci\u00e9rnagas"},"content":{"rendered":"\n<p>Estaba en el metro camino de la <a href=\"https:\/\/elastic-antonelli.5-250-189-237.plesk.page\/sala-de-prensa\/mas-de-2-000-personas-corren-con-fundacion-manantial-para-promocionar-la-salud-mental\/\" target=\"_blank\" rel=\"noreferrer noopener\">XI Carrera por la Salud Mental<\/a> que organiza la Fundaci\u00f3n Manantial cuando, llegando cerca de Moncloa, vi a dos chicas j\u00f3venes entrar en el vag\u00f3n ataviadas con brillantes camisetas naranjas, indicativas de la carrera.<\/p>\n\n\n\n<p>Me hicieron sentir bien,<strong> ven\u00edan a correr por m\u00ed<\/strong>. Embriagado en mi fugaz alegr\u00eda, de repente vi gente que empezaba a ponerse de pie con la misma camiseta, aqu\u00ed y all\u00e1, y parec\u00edan iluminar el tren. <strong>\u201c\u00a1Luci\u00e9rnagas!\u201d \u2013 pens\u00e9.<\/strong><\/p>\n\n\n\n<p>Eran como luci\u00e9rnagas dando vida y alegr\u00eda a un jard\u00edn, <strong>rompiendo el estigma social hacia nosotros<\/strong>, los que tenemos un trastorno mental. Me llen\u00e9 de gozo.<\/p>\n\n\n\n<p>Porque llevo recibiendo en los \u00faltimos seis a\u00f1os el apoyo de una parte de mi familia, el apoyo de muchos amigos y la entrega de numerosos profesionales de la salud, pero <strong>era la primera vez que ve\u00eda a la sociedad de la calle como tal apostar por m\u00ed, por mi futuro, por mi dignidad.<\/strong><\/p>\n\n\n\n<p>Bajamos en Moncloa y, como la hora de la carrera estaba cercana, salieron por pies y se alejaron de m\u00ed, les segu\u00eda con la vista: <strong>un r\u00edo anaranjado que iba creciendo conforme lleg\u00e1bamos al lugar de la salida, y el r\u00edo se convirti\u00f3 en multitud. Unos 2.000, hombres y mujeres.<\/strong> Al llegar me qued\u00e9 mir\u00e1ndolos, sus gestos, sus aspectos, y los vi salir.<\/p>\n\n\n\n<p><strong>Para una sociedad que ha pasado el confinamiento y se ha dado cuenta de los asuntos de la salud mental, eran pocos, pero eran un primer paso, un futuro prometedor, gente que simplemente te ve\u00eda bien.<\/strong><\/p>\n\n\n\n<p>En los \u00faltimos seis a\u00f1os b\u00e1sicamente <strong>he recibido rechazo y he estado esquivando hablar de mi condici\u00f3n.<\/strong> Considero a quienes tienen estigma gente que llevan una vida de medio pelo y que al final de su vida se dar\u00e1n cuenta de las cosas, los dejo pasar y me centro en los que me miran bien.<\/p>\n\n\n\n<p>Soy cristiano, Dios quiso que <strong>en estos a\u00f1os dise\u00f1ara y desarrollara el olivar de miel del que han o\u00eddo hablar tres millones de personas en Espa\u00f1a: son setos de arom\u00e1ticas entre hileras de olivos, una salida para 300.000 familias olivareras.<\/strong><\/p>\n\n\n\n<p>Puestos los setos a modo de terrazas, mitigan inundaciones, porque cae menos agua y a menor velocidad a los r\u00edos, dando tiempo a las poblaciones ribere\u00f1as a escapar, tal como ha reconocido la ONU. Y proporcionan m\u00e1s alimento y energ\u00eda en la misma porci\u00f3n de tierra, lo cual puede ser \u00fatil para muchas comunidades, que pueden aplicar esta misma t\u00e9cnica a otros cultivos le\u00f1osos.<\/p>\n\n\n\n<p>Por mi idea del olivar de miel la Uni\u00f3n Europea y la Comunidad de Madrid nos dieron 165.000 euros para desarrollarla mediante un grupo operativo, <strong><a href=\"https:\/\/olivaresdemiel.es\/\" target=\"_blank\" rel=\"noreferrer noopener\">Olivares de miel<\/a><\/strong>, gracias a la intervenci\u00f3n de una apicultora.\u00a0\u00a0<\/p>\n\n\n\n<p>Ahora estoy preparando un proyecto de desarrollo sostenible para la costa australiana que tendr\u00e1 un gran impacto en Asia.<\/p>\n\n\n\n<p>Vivo en un piso tutelado, adem\u00e1s he recibido apoyo humano y financiero, el Estado del Bienestar funciona. Me estoy recuperando r\u00e1pidamente, en cinco a\u00f1os he pasado de una discapacidad del 67% al 39%, y voy a seguir baj\u00e1ndola.<\/p>\n\n\n\n<p><strong>Pero viv\u00eda en una burbuja, familia, amigos, servicios sociales, olivar de miel&#8230; Las luci\u00e9rnagas me despertaron.<\/strong><\/p>\n\n\n\n<p><em>Javier Dom\u00ednguez Angulo<\/em><\/p>\n","protected":false},"excerpt":{"rendered":"<p>Estaba en el metro camino de la XI Carrera por la Salud Mental que organiza la Fundaci\u00f3n Manantial cuando, llegando cerca de Moncloa, vi a dos chicas j\u00f3venes entrar en el vag\u00f3n ataviadas con brillantes camisetas naranjas, indicativas de la carrera. Me hicieron sentir bien, ven\u00edan a correr por m\u00ed. Embriagado en mi fugaz alegr\u00eda, [&hellip;]<\/p>\n","protected":false},"author":1,"featured_media":4049,"comment_status":"open","ping_status":"closed","sticky":false,"template":"","format":"standard","meta":{"_acf_changed":false,"give_campaign_id":0,"_seopress_robots_primary_cat":"","_seopress_titles_title":"","_seopress_titles_desc":"","_seopress_robots_index":"","footnotes":""},"categories":[41],"tags":[710,209,241,430,85,564,64,711,65],"class_list":["post-4048","post","type-post","status-publish","format-standard","has-post-thumbnail","hentry","category-blog-salud-mental","tag-blog","tag-carrera","tag-carrerasaludmental","tag-en-primera-persona","tag-fundacion-manantial","tag-luciernagas","tag-recuperacion","tag-reflexiones","tag-salud-mental"],"acf":[],"_links":{"self":[{"href":"https:\/\/www.fundacionmanantial.org\/en\/wp-json\/wp\/v2\/posts\/4048","targetHints":{"allow":["GET"]}}],"collection":[{"href":"https:\/\/www.fundacionmanantial.org\/en\/wp-json\/wp\/v2\/posts"}],"about":[{"href":"https:\/\/www.fundacionmanantial.org\/en\/wp-json\/wp\/v2\/types\/post"}],"author":[{"embeddable":true,"href":"https:\/\/www.fundacionmanantial.org\/en\/wp-json\/wp\/v2\/users\/1"}],"replies":[{"embeddable":true,"href":"https:\/\/www.fundacionmanantial.org\/en\/wp-json\/wp\/v2\/comments?post=4048"}],"version-history":[{"count":0,"href":"https:\/\/www.fundacionmanantial.org\/en\/wp-json\/wp\/v2\/posts\/4048\/revisions"}],"wp:featuredmedia":[{"embeddable":true,"href":"https:\/\/www.fundacionmanantial.org\/en\/wp-json\/wp\/v2\/media\/4049"}],"wp:attachment":[{"href":"https:\/\/www.fundacionmanantial.org\/en\/wp-json\/wp\/v2\/media?parent=4048"}],"wp:term":[{"taxonomy":"category","embeddable":true,"href":"https:\/\/www.fundacionmanantial.org\/en\/wp-json\/wp\/v2\/categories?post=4048"},{"taxonomy":"post_tag","embeddable":true,"href":"https:\/\/www.fundacionmanantial.org\/en\/wp-json\/wp\/v2\/tags?post=4048"}],"curies":[{"name":"wp","href":"https:\/\/api.w.org\/{rel}","templated":true}]}}