{"id":4045,"date":"2023-01-11T07:52:15","date_gmt":"2023-01-11T06:52:15","guid":{"rendered":"https:\/\/www.fundacionmanantial.org\/lo-que-no-se-nombra-no-existe-2\/"},"modified":"2023-01-11T07:52:15","modified_gmt":"2023-01-11T06:52:15","slug":"lo-que-no-se-nombra-no-existe-2","status":"publish","type":"post","link":"https:\/\/www.fundacionmanantial.org\/en\/lo-que-no-se-nombra-no-existe-2\/","title":{"rendered":"Lo que no se nombra no existe"},"content":{"rendered":"\n<p><strong>El lenguaje<\/strong>, adem\u00e1s de constituir un medio de comunicaci\u00f3n, <strong>configura el pensamiento<\/strong>. Los usos que hacemos de \u00e9l ponen de manifiesto la forma en la que se configura nuestra realidad y nuestras formas de entender y relacionarnos con lo que nos rodea. <strong>Lo que no se nombra, no existe<\/strong>.<\/p>\n\n\n\n<p>Todas las trabajadoras y trabajadores somos conscientes de<strong> la importancia de cuidar nuestras palabras a la hora de referirnos a las personas con sufrimiento ps\u00edquico.<\/strong> Sabemos la importancia que esto tiene a la hora de dignificar y de respetar a las personas atendidas, as\u00ed como en el proceso de acompa\u00f1ar en la construcci\u00f3n de identidades y de c\u00f3mo influye en nuestra manera de colocarnos en la relaci\u00f3n con otra persona. Sin embargo, <strong>con el lenguaje sexista parecemos no tener tanta conciencia. <\/strong>Por ejemplo, en nuestros centros ya no hablamos de pacientes ni enfermos, sino de personas atendidas o con sufrimiento ps\u00edquico. No actuamos igual en relaci\u00f3n al g\u00e9nero cuando, por ejemplo, decimos \u201cusuarios\u201d para referirnos a todas las personas atendidas. Dentro de la sociedad androcentrista en la que vivimos, utilizamos el masculino como gen\u00e9rico y no nos incomoda. Por ejemplo, cuando se habla del ser humano, el pensamiento enseguida nos lleva a la imagen de un hombre, blanco, cis, heterosexual\u2026 Por contra, <strong>cuando se utiliza el femenino como gen\u00e9rico (en contextos donde hay una mayor presencia de mujeres), es habitual que llame la atenci\u00f3n o que los hombres duden de si est\u00e1n siendo incluidos en esa afirmaci\u00f3n.<\/strong><\/p>\n\n\n\n<p>Tendemos a no darnos cuenta de que, <strong>al no nombrar a las mujeres en nuestros discursos, las estamos invisibilizando.<\/strong> <strong>El uso de lenguaje sexista interioriza formas de pensar y, por ende, de relaci\u00f3n que son discriminatorias, donde prima lo masculino y se obstaculiza que las mujeres podamos ocupar el espacio que nos corresponde, avanzando hacia la igualdad. El lenguaje sexista es una herramienta que tiene el sistema patriarcal para perpetuarse.<\/strong><\/p>\n\n\n\n<p>Seg\u00fan los datos, <strong>3 de cada 4 mujeres sufren o han sufrido violencia de g\u00e9nero, es decir, violencia por el hecho de ser mujeres. <\/strong>Si conjugamos esta discriminaci\u00f3n con la que sufren por tener diagn\u00f3stico de salud mental, estamos hablando de <strong>una doble invisibilizaci\u00f3n, una doble exclusi\u00f3n y un doble factor de vulnerabilidad causante de sufrimiento ps\u00edquico.<\/strong><\/p>\n\n\n\n<p><strong>Proponemos el uso del lenguaje no sexista como arma para combatir desigualdades, para introducir a las mujeres en los discursos y en el imaginario colectivo y, as\u00ed, favorecer la sensaci\u00f3n de pertenencia.<\/strong> <strong>Empezar a nombrar a las mujeres para pensarlas<\/strong>, para entender c\u00f3mo nos hemos subjetivado en <strong>un mundo en el que hemos sido excluidas a trav\u00e9s del lenguaje<\/strong>, entre otras muchas formas de opresi\u00f3n. Para entender c\u00f3mo nos hemos construido en una constante <strong>adaptaci\u00f3n a un mundo que no est\u00e1 hecho para nosotras, est\u00e1 hecho para los hombres. <\/strong>Para entender c\u00f3mo el lenguaje ha atravesado la construcci\u00f3n de nuestras identidades y de nuestra forma de relacionarnos con nosotras mismas, con otros y con el mundo.<\/p>\n\n\n\n<p><strong>Tomar conciencia de la importancia de cuidar el uso que hacemos del lenguaje es el primer paso para poder cambiarlo. El lenguaje es nuestra herramienta de trabajo, \u00bfqu\u00e9 menos que revisarlo?<\/strong><\/p>\n\n\n\n<ul class=\"wp-block-list\"><li>\u00bfUtilizas el masculino para referirte a un equipo o grupo formado en su mayor\u00eda por mujeres?<\/li><li>\u00bfTe refieres a usuarios para hablar de las personas atendidas en tu recurso? \u00bfC\u00f3mo lo nombras en las diferentes carpetas y documentos (documentos de acogida, evaluaciones, datos de identificaci\u00f3n\u2026)?<\/li><li>\u00bfHaces uso del masculino gen\u00e9rico para referirte a las categor\u00edas profesionales (psic\u00f3logo, trabajador social, educadores sociales) cuando la plantilla est\u00e1, en su mayor\u00eda, feminizada?<\/li><li>\u00bfUsas las palabras amigos, padres y hermanos para referirte a la red social y familiar?<\/li><li>\u00bfTe has fijado en c\u00f3mo est\u00e1n redactados los cuestionarios?<\/li><\/ul>\n\n\n\n<p>Si lanzamos todas estas preguntas es porque <strong>reivindicamos utilizar de forma cr\u00edtica el lenguaje, no con la pretensi\u00f3n de crear un nuevo lenguaje dominante, sino de revisarlo constantemente para que este pueda incluir todas las diversidades posibles.<\/strong><\/p>\n\n\n\n<div style=\"height:42px\" aria-hidden=\"true\" class=\"wp-block-spacer\"><\/div>\n\n\n\n<p><strong><em>\u201cLa cultura no hace a la gente. La gente hace la cultura. Si es verdad que no forma parte de nuestra cultura el hecho de que las mujeres sean seres humanos de pleno derecho, entonces podemos y debemos cambiar nuestra cultura&#8221;.<\/em> <\/strong>Chimamanda Ngozi Adichie<\/p>\n\n\n\n<div style=\"height:43px\" aria-hidden=\"true\" class=\"wp-block-spacer\"><\/div>\n\n\n\n<p>Grupo de Trabajo de G\u00e9nero y Salud Mental de Fundaci\u00f3n Manantial (generoysaludmental@fundacionmanantial.org)<\/p>\n\n\n\n<div style=\"height:100px\" aria-hidden=\"true\" class=\"wp-block-spacer\"><\/div>\n","protected":false},"excerpt":{"rendered":"<p>El lenguaje, adem\u00e1s de constituir un medio de comunicaci\u00f3n, configura el pensamiento. Los usos que hacemos de \u00e9l ponen de manifiesto la forma en la que se configura nuestra realidad y nuestras formas de entender y relacionarnos con lo que nos rodea. Lo que no se nombra, no existe. Todas las trabajadoras y trabajadores somos [&hellip;]<\/p>\n","protected":false},"author":1,"featured_media":4046,"comment_status":"open","ping_status":"closed","sticky":false,"template":"","format":"standard","meta":{"_acf_changed":false,"give_campaign_id":0,"_seopress_robots_primary_cat":"","_seopress_titles_title":"","_seopress_titles_desc":"","_seopress_robots_index":"","footnotes":""},"categories":[41],"tags":[106,107,579,674,61,708,709,65],"class_list":["post-4045","post","type-post","status-publish","format-standard","has-post-thumbnail","hentry","category-blog-salud-mental","tag-discriminacion","tag-estigma","tag-feminismo","tag-genero","tag-inclusion","tag-inclusivo","tag-lenguaje","tag-salud-mental"],"acf":[],"_links":{"self":[{"href":"https:\/\/www.fundacionmanantial.org\/en\/wp-json\/wp\/v2\/posts\/4045","targetHints":{"allow":["GET"]}}],"collection":[{"href":"https:\/\/www.fundacionmanantial.org\/en\/wp-json\/wp\/v2\/posts"}],"about":[{"href":"https:\/\/www.fundacionmanantial.org\/en\/wp-json\/wp\/v2\/types\/post"}],"author":[{"embeddable":true,"href":"https:\/\/www.fundacionmanantial.org\/en\/wp-json\/wp\/v2\/users\/1"}],"replies":[{"embeddable":true,"href":"https:\/\/www.fundacionmanantial.org\/en\/wp-json\/wp\/v2\/comments?post=4045"}],"version-history":[{"count":0,"href":"https:\/\/www.fundacionmanantial.org\/en\/wp-json\/wp\/v2\/posts\/4045\/revisions"}],"wp:featuredmedia":[{"embeddable":true,"href":"https:\/\/www.fundacionmanantial.org\/en\/wp-json\/wp\/v2\/media\/4046"}],"wp:attachment":[{"href":"https:\/\/www.fundacionmanantial.org\/en\/wp-json\/wp\/v2\/media?parent=4045"}],"wp:term":[{"taxonomy":"category","embeddable":true,"href":"https:\/\/www.fundacionmanantial.org\/en\/wp-json\/wp\/v2\/categories?post=4045"},{"taxonomy":"post_tag","embeddable":true,"href":"https:\/\/www.fundacionmanantial.org\/en\/wp-json\/wp\/v2\/tags?post=4045"}],"curies":[{"name":"wp","href":"https:\/\/api.w.org\/{rel}","templated":true}]}}