{"id":4042,"date":"2022-12-16T13:19:34","date_gmt":"2022-12-16T12:19:34","guid":{"rendered":"https:\/\/www.fundacionmanantial.org\/la-supervision-de-los-equipos-y-su-tarea\/"},"modified":"2022-12-16T13:19:34","modified_gmt":"2022-12-16T12:19:34","slug":"la-supervision-de-los-equipos-y-su-tarea","status":"publish","type":"post","link":"https:\/\/www.fundacionmanantial.org\/en\/la-supervision-de-los-equipos-y-su-tarea\/","title":{"rendered":"La supervisi\u00f3n de los equipos y su tarea"},"content":{"rendered":"\n<p>Desde la concepci\u00f3n de la Metodolog\u00eda ProCC, insistimos en <strong>la necesidad profesional de contar con espacios grupales de reflexi\u00f3n sobre la tarea y la importancia del trabajo en equipo.<\/strong> Dentro de dichos espacios ocupa un lugar importante el de <strong>supervisi\u00f3n<\/strong>. Por ello, <strong>acompa\u00f1ar en esta tarea a Fundaci\u00f3n Manantial, que apoya y promueve de manera propositiva la inserci\u00f3n de esta herramienta<\/strong>, nos llena de satisfacci\u00f3n.<\/p>\n\n\n\n<p><strong>La supervisi\u00f3n es un espacio de aprendizaje y de cuidado tanto de la tarea como de las personas que componen el equipo<\/strong>. Tiene como requisito trabajar sobre un material registrado desde las intervenciones; por tanto, tiene un sentido eminentemente conectado con la pr\u00e1ctica. Desde nuestro rol de supervisores\/as<strong> hemos trabajado por generar un espacio participativo y seguro que favorezca expresar y analizar lo acontecido y el planteamiento de diversas hip\u00f3tesis<\/strong>, a fin de enriquecer la lectura del material trabajado y responder mejor a la necesidad. A este planteamiento, <strong>los equipos han respondido de manera activa y creativa.<\/strong><\/p>\n\n\n\n<p>Desde la Metodolog\u00eda ProCC, de autor\u00eda de la <a rel=\"noreferrer noopener\" href=\"https:\/\/www.procc.org\/equipo\/mirtha-cucco-garcia\/\" target=\"_blank\">Dra. Mirtha Cucco<\/a>, partimos de la concepci\u00f3n socio hist\u00f3rica de la subjetividad, <strong>no pensamos al sujeto como un ente individual que luego se relaciona con lo social, una entidad abstracta, sino que la relaci\u00f3n existente entre el sistema social y la subjetividad individual es de mutua determinaci\u00f3n<\/strong>; y esta relaci\u00f3n est\u00e1 mediada por los grupos y las instituciones que, por un lado, transmiten el imaginario social hegem\u00f3nico, pero a su vez, son <strong>espacios de g\u00e9nesis de los procesos de cambio y autonomizaci\u00f3n del imaginario.<\/strong><\/p>\n\n\n\n<p>Esta concepci\u00f3n permite pensar las intervenciones desde la <strong>\u201cOrientaci\u00f3n Comunitaria\u201d<\/strong> que no pierde de vista estas determinaciones en el momento de <strong>pensar las problem\u00e1ticas desde su dimensi\u00f3n social, grupal e individual, entendiendo que son indisociables<\/strong>. Y, por otro lado, <strong>permite pensar intervenciones m\u00e1s adecuadas a la necesidad<\/strong>, ya que <strong>tiene en cuenta dimensiones imprescindibles en una tarea de salud mental comunitaria, acorde con los fines de Fundaci\u00f3n Manantial.<\/strong><\/p>\n\n\n\n<p>Valoramos positivamente la tarea realizada y hemos recogido tambi\u00e9n la satisfacci\u00f3n de los equipos implicados. <strong>Esperamos que estos espacios de encuentro sigan existiendo<\/strong> y que la colaboraci\u00f3n institucional siga dando frutos. Enhorabuena.<\/p>\n\n\n\n<p><em>Equipo de Supervisi\u00f3n Centro Marie langer Proyecto ProCC<\/em><\/p>\n","protected":false},"excerpt":{"rendered":"<p>Desde la concepci\u00f3n de la Metodolog\u00eda ProCC, insistimos en la necesidad profesional de contar con espacios grupales de reflexi\u00f3n sobre la tarea y la importancia del trabajo en equipo. Dentro de dichos espacios ocupa un lugar importante el de supervisi\u00f3n. Por ello, acompa\u00f1ar en esta tarea a Fundaci\u00f3n Manantial, que apoya y promueve de manera [&hellip;]<\/p>\n","protected":false},"author":1,"featured_media":4043,"comment_status":"open","ping_status":"closed","sticky":false,"template":"","format":"standard","meta":{"_acf_changed":false,"give_campaign_id":0,"_seopress_robots_primary_cat":"","_seopress_titles_title":"","_seopress_titles_desc":"","_seopress_robots_index":"","footnotes":""},"categories":[41],"tags":[626,253,84,85,215,516,65,694,152],"class_list":["post-4042","post","type-post","status-publish","format-standard","has-post-thumbnail","hentry","category-blog-salud-mental","tag-compartir","tag-enfermedad-mental","tag-formacion","tag-fundacion-manantial","tag-reflexion","tag-rehabilitacion","tag-salud-mental","tag-supervision","tag-trabajo"],"acf":[],"_links":{"self":[{"href":"https:\/\/www.fundacionmanantial.org\/en\/wp-json\/wp\/v2\/posts\/4042","targetHints":{"allow":["GET"]}}],"collection":[{"href":"https:\/\/www.fundacionmanantial.org\/en\/wp-json\/wp\/v2\/posts"}],"about":[{"href":"https:\/\/www.fundacionmanantial.org\/en\/wp-json\/wp\/v2\/types\/post"}],"author":[{"embeddable":true,"href":"https:\/\/www.fundacionmanantial.org\/en\/wp-json\/wp\/v2\/users\/1"}],"replies":[{"embeddable":true,"href":"https:\/\/www.fundacionmanantial.org\/en\/wp-json\/wp\/v2\/comments?post=4042"}],"version-history":[{"count":0,"href":"https:\/\/www.fundacionmanantial.org\/en\/wp-json\/wp\/v2\/posts\/4042\/revisions"}],"wp:featuredmedia":[{"embeddable":true,"href":"https:\/\/www.fundacionmanantial.org\/en\/wp-json\/wp\/v2\/media\/4043"}],"wp:attachment":[{"href":"https:\/\/www.fundacionmanantial.org\/en\/wp-json\/wp\/v2\/media?parent=4042"}],"wp:term":[{"taxonomy":"category","embeddable":true,"href":"https:\/\/www.fundacionmanantial.org\/en\/wp-json\/wp\/v2\/categories?post=4042"},{"taxonomy":"post_tag","embeddable":true,"href":"https:\/\/www.fundacionmanantial.org\/en\/wp-json\/wp\/v2\/tags?post=4042"}],"curies":[{"name":"wp","href":"https:\/\/api.w.org\/{rel}","templated":true}]}}