{"id":4040,"date":"2022-12-15T10:29:08","date_gmt":"2022-12-15T09:29:08","guid":{"rendered":"https:\/\/www.fundacionmanantial.org\/nuestra-supervision-nuestros-inicios-mas-alla-de-los-cambios\/"},"modified":"2022-12-15T10:29:08","modified_gmt":"2022-12-15T09:29:08","slug":"nuestra-supervision-nuestros-inicios-mas-alla-de-los-cambios","status":"publish","type":"post","link":"https:\/\/www.fundacionmanantial.org\/en\/nuestra-supervision-nuestros-inicios-mas-alla-de-los-cambios\/","title":{"rendered":"Nuestra supervisi\u00f3n, nuestros inicios, m\u00e1s all\u00e1 de los cambios"},"content":{"rendered":"\n<p>A lo largo de estos cuatro a\u00f1os de andadura en el&nbsp;<strong>Centro de Rehabilitaci\u00f3n (CRPS) \u00abFuenlabrada\u00bb,<\/strong>&nbsp;hemos realizado distintas sesiones dirigidas a la supervisi\u00f3n de casos. \u00c9stas han nutrido nuestro quehacer diario, facilit\u00e1ndonos la tarea de iniciar un recurso e implantar una metodolog\u00eda de trabajo com\u00fan para cada caso.<\/p>\n\n\n\n<p>La supervisi\u00f3n resulta para nosotras, sin duda, <strong>un espacio donde intercambiar visiones, sumar esfuerzos, as\u00ed como de revisi\u00f3n constante. <\/strong>Somos un recurso joven, que ha experimentado varios cambios en su equipo. En este contexto, <strong>la supervisi\u00f3n se erige como un lugar de cuidado, gu\u00eda y construcci\u00f3n de una cultura com\u00fan, de constancia m\u00e1s all\u00e1 de los miembros que en cada momento compongan el equipo. La supervisi\u00f3n nos ha anclado y vertebrado.<\/strong><\/p>\n\n\n\n<p>Paralelamente, para monitorizar nuestro quehacer diario, hemos tratado de armar un proyecto t\u00e9cnico en el que integrar \u00e1reas de trabajo, programas y actividades espec\u00edficas, siendo necesario conjugar la construcci\u00f3n de los casos con nuestro firme prop\u00f3sito de enfatizar la intervenci\u00f3n grupal en el centro. <strong>La supervisi\u00f3n es un hilo conductor que consideramos de gran valor.<\/strong><\/p>\n\n\n\n<hr class=\"wp-block-separator\"\/>\n\n\n\n<p>Desde hace m\u00e1s de 12 a\u00f1os, los equipos de trabajo que tienen atenci\u00f3n directa a usuarios en cualquiera de los programas, servicios y recursos que gestiona Fundaci\u00f3n Manantial, cuentan a su disposici\u00f3n con una&nbsp;<strong>herramienta de formaci\u00f3n e intervenci\u00f3n y una metodolog\u00eda estructurada de trabajo<\/strong>&nbsp;denominada&nbsp;<strong>supervisi\u00f3n<\/strong>.<\/p>\n\n\n\n<p>Pero, \u00bfqu\u00e9 es la supervisi\u00f3n? Utilizaremos las palabras de Carmina Puig, profesora de la Universidad Rovira i Virgili de Tarragona, en su art\u00edculo \u201cLa supervisi\u00f3n en los equipos de Servicios Sociales: una oportunidad para la reflexi\u00f3n, el pensamiento y el cuidado de los profesionales\u201d:&nbsp;<em>La supervisi\u00f3n es el an\u00e1lisis de la pr\u00e1ctica profesional que realizan los trabajadores de \u00e1mbitos psicosociales. Es un trabajo sobre el trabajo, un meta trabajo que se sit\u00faa en la interfaz entre el aprendizaje, la formaci\u00f3n, la educaci\u00f3n y el apoyo en una organizaci\u00f3n o instituci\u00f3n. La supervisi\u00f3n en la intervenci\u00f3n social, llevada a cabo por un supervisor externo a la instituci\u00f3n, es un proceso y una relaci\u00f3n que tiene como objetivo revisar el trabajo profesional y los sentimientos que acompa\u00f1an la actividad. Tambi\u00e9n ayuda a contrastar los marcos te\u00f3ricos y conceptuales con la praxis cotidiana<\/em>.<\/p>\n\n\n\n<p><a rel=\"noreferrer noopener\" href=\"https:\/\/elastic-antonelli.5-250-189-237.plesk.page\/la-supervision-una-herramienta-para-reflexionar-sobre-nuestro-trabajo\/\" target=\"_blank\">Saber m\u00e1s sobre las supervisiones en Fundaci\u00f3n Manantial<\/a><\/p>\n\n\n\n<div style=\"height:100px\" aria-hidden=\"true\" class=\"wp-block-spacer\"><\/div>\n","protected":false},"excerpt":{"rendered":"<p>A lo largo de estos cuatro a\u00f1os de andadura en el&nbsp;Centro de Rehabilitaci\u00f3n (CRPS) \u00abFuenlabrada\u00bb,&nbsp;hemos realizado distintas sesiones dirigidas a la supervisi\u00f3n de casos. \u00c9stas han nutrido nuestro quehacer diario, facilit\u00e1ndonos la tarea de iniciar un recurso e implantar una metodolog\u00eda de trabajo com\u00fan para cada caso. La supervisi\u00f3n resulta para nosotras, sin duda, un [&hellip;]<\/p>\n","protected":false},"author":1,"featured_media":4041,"comment_status":"open","ping_status":"closed","sticky":false,"template":"","format":"standard","meta":{"_acf_changed":false,"give_campaign_id":0,"_seopress_robots_primary_cat":"","_seopress_titles_title":"","_seopress_titles_desc":"","_seopress_robots_index":"","footnotes":""},"categories":[41],"tags":[],"class_list":["post-4040","post","type-post","status-publish","format-standard","has-post-thumbnail","hentry","category-blog-salud-mental"],"acf":[],"_links":{"self":[{"href":"https:\/\/www.fundacionmanantial.org\/en\/wp-json\/wp\/v2\/posts\/4040","targetHints":{"allow":["GET"]}}],"collection":[{"href":"https:\/\/www.fundacionmanantial.org\/en\/wp-json\/wp\/v2\/posts"}],"about":[{"href":"https:\/\/www.fundacionmanantial.org\/en\/wp-json\/wp\/v2\/types\/post"}],"author":[{"embeddable":true,"href":"https:\/\/www.fundacionmanantial.org\/en\/wp-json\/wp\/v2\/users\/1"}],"replies":[{"embeddable":true,"href":"https:\/\/www.fundacionmanantial.org\/en\/wp-json\/wp\/v2\/comments?post=4040"}],"version-history":[{"count":0,"href":"https:\/\/www.fundacionmanantial.org\/en\/wp-json\/wp\/v2\/posts\/4040\/revisions"}],"wp:featuredmedia":[{"embeddable":true,"href":"https:\/\/www.fundacionmanantial.org\/en\/wp-json\/wp\/v2\/media\/4041"}],"wp:attachment":[{"href":"https:\/\/www.fundacionmanantial.org\/en\/wp-json\/wp\/v2\/media?parent=4040"}],"wp:term":[{"taxonomy":"category","embeddable":true,"href":"https:\/\/www.fundacionmanantial.org\/en\/wp-json\/wp\/v2\/categories?post=4040"},{"taxonomy":"post_tag","embeddable":true,"href":"https:\/\/www.fundacionmanantial.org\/en\/wp-json\/wp\/v2\/tags?post=4040"}],"curies":[{"name":"wp","href":"https:\/\/api.w.org\/{rel}","templated":true}]}}