{"id":4039,"date":"2022-12-15T10:15:18","date_gmt":"2022-12-15T09:15:18","guid":{"rendered":"https:\/\/www.fundacionmanantial.org\/planes-de-igualdad\/"},"modified":"2022-12-15T10:15:18","modified_gmt":"2022-12-15T09:15:18","slug":"planes-de-igualdad","status":"publish","type":"post","link":"https:\/\/www.fundacionmanantial.org\/en\/planes-de-igualdad\/","title":{"rendered":"&#8220;Planes de igualdad&#8221;"},"content":{"rendered":"\n<p>Como miembro de la <strong>Comisi\u00f3n Permanente de Igualdad de Fundaci\u00f3n Manantial<\/strong>, me ha parecido necesario e importante que todas las personas que ostentan cargos directivos o de coordinaci\u00f3n hayan podido realizar el curso sobre Planes de igualdad. El objetivo es poder <strong>acercar conceptos sobre Igualdad y el\u00a0trabajo que est\u00e1 realizando la Comisi\u00f3n Permanente de Igualdad a todas las personas que trabajan en Manantial<\/strong>.<\/p>\n\n\n\n<p>Por otro lado,\u00a0creo que<strong> la formaci\u00f3n ha favorecido el di\u00e1logo sobre\u00a0algunos conceptos<\/strong> que han permitido entender mejor la necesidad de tener Planes de Igualdad en las entidades. En este sentido, destaco la idea de que las desigualdades afectan a las relaciones de convivencia y, por tanto, <strong>la Igualdad es un principio de acci\u00f3n social que armoniza la convivencia y evita la discriminaci\u00f3n<\/strong>, estableciendo <strong>relaciones mutuas de equivalencia entre personas <\/strong>y para que esto ocurra no tiene que ser visto como algo pasivo, de lo que ya se encarga una Comisi\u00f3n de promover, sino que <strong>tiene que ser algo activo<\/strong> que involucre a todos los componentes de la entidad para ayudar a diagnosticar y planificar <strong>acciones que favorezcan la igualdad de derechos y oportunidades entre las personas <\/strong>que trabajan en Manantial, independientemente del sexo al que pertenezcan.<\/p>\n\n\n\n<p>Sirva esta formaci\u00f3n para dar un paso m\u00e1s en la relaci\u00f3n y colaboraci\u00f3n de las personas que conforman los equipos de trabajo de Manantial\u00a0con la Comisi\u00f3n Permanente de Igualdad y poder seguir estableciendo acciones que favorezcan la utilidad de nuestro Plan de Igualdad.<\/p>\n\n\n\n<div style=\"height:44px\" aria-hidden=\"true\" class=\"wp-block-spacer\"><\/div>\n\n\n\n<p><em>Alicia Molina. Centro de Rehabilitaci\u00f3n Psicosocial &#8220;Fuenlabrada&#8221;.<\/em><\/p>\n\n\n\n<div style=\"height:48px\" aria-hidden=\"true\" class=\"wp-block-spacer\"><\/div>\n","protected":false},"excerpt":{"rendered":"<p>Como miembro de la Comisi\u00f3n Permanente de Igualdad de Fundaci\u00f3n Manantial, me ha parecido necesario e importante que todas las personas que ostentan cargos directivos o de coordinaci\u00f3n hayan podido realizar el curso sobre Planes de igualdad. El objetivo es poder acercar conceptos sobre Igualdad y el\u00a0trabajo que est\u00e1 realizando la Comisi\u00f3n Permanente de Igualdad [&hellip;]<\/p>\n","protected":false},"author":1,"featured_media":3910,"comment_status":"open","ping_status":"closed","sticky":false,"template":"","format":"standard","meta":{"_acf_changed":false,"give_campaign_id":0,"_seopress_robots_primary_cat":"","_seopress_titles_title":"","_seopress_titles_desc":"","_seopress_robots_index":"","footnotes":""},"categories":[41],"tags":[242,438,65],"class_list":["post-4039","post","type-post","status-publish","format-standard","has-post-thumbnail","hentry","category-blog-salud-mental","tag-fundacionmanantial","tag-igualdad","tag-salud-mental"],"acf":[],"_links":{"self":[{"href":"https:\/\/www.fundacionmanantial.org\/en\/wp-json\/wp\/v2\/posts\/4039","targetHints":{"allow":["GET"]}}],"collection":[{"href":"https:\/\/www.fundacionmanantial.org\/en\/wp-json\/wp\/v2\/posts"}],"about":[{"href":"https:\/\/www.fundacionmanantial.org\/en\/wp-json\/wp\/v2\/types\/post"}],"author":[{"embeddable":true,"href":"https:\/\/www.fundacionmanantial.org\/en\/wp-json\/wp\/v2\/users\/1"}],"replies":[{"embeddable":true,"href":"https:\/\/www.fundacionmanantial.org\/en\/wp-json\/wp\/v2\/comments?post=4039"}],"version-history":[{"count":0,"href":"https:\/\/www.fundacionmanantial.org\/en\/wp-json\/wp\/v2\/posts\/4039\/revisions"}],"wp:featuredmedia":[{"embeddable":true,"href":"https:\/\/www.fundacionmanantial.org\/en\/wp-json\/wp\/v2\/media\/3910"}],"wp:attachment":[{"href":"https:\/\/www.fundacionmanantial.org\/en\/wp-json\/wp\/v2\/media?parent=4039"}],"wp:term":[{"taxonomy":"category","embeddable":true,"href":"https:\/\/www.fundacionmanantial.org\/en\/wp-json\/wp\/v2\/categories?post=4039"},{"taxonomy":"post_tag","embeddable":true,"href":"https:\/\/www.fundacionmanantial.org\/en\/wp-json\/wp\/v2\/tags?post=4039"}],"curies":[{"name":"wp","href":"https:\/\/api.w.org\/{rel}","templated":true}]}}