{"id":4038,"date":"2022-11-23T08:04:12","date_gmt":"2022-11-23T07:04:12","guid":{"rendered":"https:\/\/www.fundacionmanantial.org\/principios-y-filosofia-de-rehabilitacion-comunitaria\/"},"modified":"2022-11-23T08:04:12","modified_gmt":"2022-11-23T07:04:12","slug":"principios-y-filosofia-de-rehabilitacion-comunitaria","status":"publish","type":"post","link":"https:\/\/www.fundacionmanantial.org\/en\/principios-y-filosofia-de-rehabilitacion-comunitaria\/","title":{"rendered":"&#8220;Principios y filosof\u00eda de rehabilitaci\u00f3n comunitaria&#8221;"},"content":{"rendered":"\n<p>Despu\u00e9s de haber tenido la oportunidad de asistir al curso <strong>\u201cPrincipios y filosof\u00eda de la rehabilitaci\u00f3n comunitaria\u201d<\/strong> en Fundaci\u00f3n Manantial, tengo que decir que la experiencia ha sido muy enriquecedora, tanto a nivel profesional como a nivel personal, <strong>me ha aportado un punto de vista muy humano<\/strong>.<\/p>\n\n\n\n<p>Al final, cuando nos metemos en la vor\u00e1gine del d\u00eda a d\u00eda, o pasados los a\u00f1os en nuestro puesto de trabajo, <strong>no somos conscientes de la importancia que tiene el mirar mas all\u00e1 de un objetivo terap\u00e9utico<\/strong>, hablar con los usuarios, preguntarles por su historia, sostenerles, escucharles, motivarles, acompa\u00f1arles en el proceso del control de su vida, que tomen sus propias decisiones y llegar a <strong>crear un v\u00ednculo con esa persona<\/strong>.<\/p>\n\n\n\n<p>Para ello, hay que <strong>crear espacios para poder pasar ese tiempo informal con ellos<\/strong>, dejar a un lado el diagn\u00f3stico e interesarnos por su vida. Indagar en los factores que ante una crisis A.V.E (Acontecimiento Vital Estresante) hacen que su sufrimiento sea mayor o menor.<\/p>\n\n\n\n<p>Como dijo Zubin y Spring en 1977, seg\u00fan el modelo biopsicosocial <strong>todos somos vulnerables y reaccionamos ante el estr\u00e9s<\/strong>, ya sea por la influencia gen\u00e9tica, perinatal o seg\u00fan las pautas de crianza que hayamos recibido.<\/p>\n\n\n\n<p>En resumen, debemos <strong>crear relaciones fuera de lo terap\u00e9utico, crear espacios saludables donde las personas se sientan valoradas, crear una comunidad fuera de estigmas.<\/strong> Gracias a <a rel=\"noreferrer noopener\" href=\"https:\/\/es.linkedin.com\/in\/miguel-angel-castej%C3%B3n-bellmunt-489a44198\" data-type=\"URL\" data-id=\"https:\/\/es.linkedin.com\/in\/miguel-angel-castej%C3%B3n-bellmunt-489a44198\" target=\"_blank\"><strong>Miguel Castej\u00f3n<\/strong><\/a> por hacer de este curso un espacio ameno donde intercambiar opiniones, reflexionar y enriquecerse con mucha bibliograf\u00eda.<\/p>\n\n\n\n<div style=\"height:42px\" aria-hidden=\"true\" class=\"wp-block-spacer\"><\/div>\n\n\n\n<p><em>Bel\u00e9n Mar\u00eda de Mesa C\u00e1ceres, Residencia &#8220;Torrej\u00f3n&#8221;<\/em><\/p>\n\n\n\n<div style=\"height:74px\" aria-hidden=\"true\" class=\"wp-block-spacer\"><\/div>\n","protected":false},"excerpt":{"rendered":"<p>Despu\u00e9s de haber tenido la oportunidad de asistir al curso \u201cPrincipios y filosof\u00eda de la rehabilitaci\u00f3n comunitaria\u201d en Fundaci\u00f3n Manantial, tengo que decir que la experiencia ha sido muy enriquecedora, tanto a nivel profesional como a nivel personal, me ha aportado un punto de vista muy humano. Al final, cuando nos metemos en la vor\u00e1gine [&hellip;]<\/p>\n","protected":false},"author":1,"featured_media":3910,"comment_status":"open","ping_status":"closed","sticky":false,"template":"","format":"standard","meta":{"_acf_changed":false,"give_campaign_id":0,"_seopress_robots_primary_cat":"","_seopress_titles_title":"","_seopress_titles_desc":"","_seopress_robots_index":"","footnotes":""},"categories":[41],"tags":[698,84,85,707,65],"class_list":["post-4038","post","type-post","status-publish","format-standard","has-post-thumbnail","hentry","category-blog-salud-mental","tag-conocimiento","tag-formacion","tag-fundacion-manantial","tag-profesional","tag-salud-mental"],"acf":[],"_links":{"self":[{"href":"https:\/\/www.fundacionmanantial.org\/en\/wp-json\/wp\/v2\/posts\/4038","targetHints":{"allow":["GET"]}}],"collection":[{"href":"https:\/\/www.fundacionmanantial.org\/en\/wp-json\/wp\/v2\/posts"}],"about":[{"href":"https:\/\/www.fundacionmanantial.org\/en\/wp-json\/wp\/v2\/types\/post"}],"author":[{"embeddable":true,"href":"https:\/\/www.fundacionmanantial.org\/en\/wp-json\/wp\/v2\/users\/1"}],"replies":[{"embeddable":true,"href":"https:\/\/www.fundacionmanantial.org\/en\/wp-json\/wp\/v2\/comments?post=4038"}],"version-history":[{"count":0,"href":"https:\/\/www.fundacionmanantial.org\/en\/wp-json\/wp\/v2\/posts\/4038\/revisions"}],"wp:featuredmedia":[{"embeddable":true,"href":"https:\/\/www.fundacionmanantial.org\/en\/wp-json\/wp\/v2\/media\/3910"}],"wp:attachment":[{"href":"https:\/\/www.fundacionmanantial.org\/en\/wp-json\/wp\/v2\/media?parent=4038"}],"wp:term":[{"taxonomy":"category","embeddable":true,"href":"https:\/\/www.fundacionmanantial.org\/en\/wp-json\/wp\/v2\/categories?post=4038"},{"taxonomy":"post_tag","embeddable":true,"href":"https:\/\/www.fundacionmanantial.org\/en\/wp-json\/wp\/v2\/tags?post=4038"}],"curies":[{"name":"wp","href":"https:\/\/api.w.org\/{rel}","templated":true}]}}